{"id":1817,"date":"2020-12-02T13:30:18","date_gmt":"2020-12-02T12:30:18","guid":{"rendered":"https:\/\/www.france-webdesign.com\/?p=1817"},"modified":"2021-01-11T12:04:14","modified_gmt":"2021-01-11T11:04:14","slug":"creation-de-site-pour-mairie-et-commune","status":"publish","type":"post","link":"https:\/\/www.france-webdesign.com\/sv\/skapande-av-webbplats-stadshus-kommun","title":{"rendered":"Skapande av webbplats f\u00f6r stadshus och kommun"},"content":{"rendered":"<p>[et_pb_section fb_built=\u00a0\u00bb1&Prime; admin_label=\u00a0\u00bbAbout Us Section\u00a0\u00bb _builder_version=\u00a0\u00bb4.6.5&Prime; background_image=\u00a0\u00bbhttps:\/\/www.france-webdesign.com\/wp-content\/uploads\/2020\/12\/Creation-site-internet-marie-Logo_de_la_Republique_francaise.png\u00a0\u00bb width=\u00a0\u00bb100%\u00a0\u00bb module_alignment=\u00a0\u00bbcenter\u00a0\u00bb custom_margin=\u00a0\u00bb|5%||5%\u00a0\u00bb custom_margin_tablet=\u00a0\u00bb\u00a0\u00bb custom_margin_phone=\u00a0\u00bb|0px||0px\u00a0\u00bb custom_margin_last_edited=\u00a0\u00bbon|phone\u00a0\u00bb custom_padding=\u00a0\u00bb10%|||\u00a0\u00bb animation_style=\u00a0\u00bbzoom\u00a0\u00bb animation_direction=\u00a0\u00bbtop\u00a0\u00bb animation_intensity_zoom=\u00a0\u00bb5%\u00a0\u00bb box_shadow_style=\u00a0\u00bbpreset7&Prime; box_shadow_horizontal=\u00a0\u00bb0px\u00a0\u00bb box_shadow_vertical=\u00a0\u00bb-200px\u00a0\u00bb box_shadow_color=\u00a0\u00bb#ffffff\u00a0\u00bb][et_pb_row column_structure=\u00a0\u00bb2_3,1_3&Prime; admin_label=\u00a0\u00bbAbout Us Area\u00a0\u00bb _builder_version=\u00a0\u00bb3.25&Prime; background_size=\u00a0\u00bbinitial\u00a0\u00bb background_position=\u00a0\u00bbtop_left\u00a0\u00bb background_repeat=\u00a0\u00bbrepeat\u00a0\u00bb custom_padding=\u00a0\u00bb90px|0px|0px|0px|false|false\u00a0\u00bb][et_pb_column type=\u00a0\u00bb2_3&Prime; _builder_version=\u00a0\u00bb3.25&Prime; custom_padding=\u00a0\u00bb|||\u00a0\u00bb custom_padding__hover=\u00a0\u00bb|||\u00a0\u00bb][et_pb_text admin_label=\u00a0\u00bbTitle\u00a0\u00bb _builder_version=\u00a0\u00bb4.6.5&Prime; text_font=\u00a0\u00bbMontserrat||||||||\u00a0\u00bb text_text_color=\u00a0\u00bb#747d88&Prime; text_font_size=\u00a0\u00bb16px\u00a0\u00bb text_line_height=\u00a0\u00bb1.9em\u00a0\u00bb header_font=\u00a0\u00bb||||||||\u00a0\u00bb header_text_align=\u00a0\u00bbleft\u00a0\u00bb header_2_font=\u00a0\u00bbMontserrat|700||on|||||\u00a0\u00bb header_2_font_size=\u00a0\u00bb42px\u00a0\u00bb header_2_line_height=\u00a0\u00bb1.3em\u00a0\u00bb background_color=\u00a0\u00bb#f7f7f7&Prime; background_size=\u00a0\u00bbinitial\u00a0\u00bb background_position=\u00a0\u00bbtop_left\u00a0\u00bb background_repeat=\u00a0\u00bbrepeat\u00a0\u00bb max_width=\u00a0\u00bb700px\u00a0\u00bb module_alignment=\u00a0\u00bbleft\u00a0\u00bb custom_margin=\u00a0\u00bb|||\u00a0\u00bb custom_padding=\u00a0\u00bb6.2%|6%|6.2%|6%|true|true\u00a0\u00bb animation_style=\u00a0\u00bbslide\u00a0\u00bb animation_direction=\u00a0\u00bbbottom\u00a0\u00bb animation_intensity_slide=\u00a0\u00bb4%\u00a0\u00bb animation_starting_opacity=\u00a0\u00bb100%\u00a0\u00bb header_font_size_tablet=\u00a0\u00bb\u00a0\u00bb header_font_size_phone=\u00a0\u00bb27px\u00a0\u00bb header_font_size_last_edited=\u00a0\u00bbon|phone\u00a0\u00bb box_shadow_style=\u00a0\u00bbpreset1&Prime; box_shadow_vertical=\u00a0\u00bb15px\u00a0\u00bb box_shadow_blur=\u00a0\u00bb45px\u00a0\u00bb box_shadow_color=\u00a0\u00bbrgba(0,0,0,0.15)\u00a0\u00bb locked=\u00a0\u00bboff\u00a0\u00bb]<\/p>\n<h1>Skapande av webbplats f\u00f6r kommunhus, kommuner, lokala myndigheter\u00a0<\/h1>\n<p>France Web-Design hj\u00e4lper Frankrikes kommuner att utveckla sin synlighet online genom skapande av webbplatser och skr\u00e4ddarsydd digital kommunikation f\u00f6r kommunhus och andra lokala myndigheter<\/p>\n<p>[\/et_pb_text][\/et_pb_column][et_pb_column type=\u00a0\u00bb1_3&Prime; _builder_version=\u00a0\u00bb3.25&Prime; custom_padding=\u00a0\u00bb|||\u00a0\u00bb custom_padding__hover=\u00a0\u00bb|||\u00a0\u00bb][\/et_pb_column][\/et_pb_row][\/et_pb_section][et_pb_section fb_built=\u00a0\u00bb1&Prime; admin_label=\u00a0\u00bbServices\u00a0\u00bb _builder_version=\u00a0\u00bb4.6.5&Prime; background_color=\u00a0\u00bbrgba(255,255,255,0.9)\u00a0\u00bb background_enable_image=\u00a0\u00bboff\u00a0\u00bb background_blend=\u00a0\u00bboverlay\u00a0\u00bb custom_padding=\u00a0\u00bb0px||36px||false|false\u00a0\u00bb][et_pb_row column_structure=\u00a0\u00bb1_3,1_3,1_3&Prime; _builder_version=\u00a0\u00bb3.25&Prime; background_size=\u00a0\u00bbinitial\u00a0\u00bb background_position=\u00a0\u00bbtop_left\u00a0\u00bb background_repeat=\u00a0\u00bbrepeat\u00a0\u00bb custom_padding=\u00a0\u00bb0||||false|false\u00a0\u00bb][et_pb_column type=\u00a0\u00bb1_3&Prime; _builder_version=\u00a0\u00bb3.25&Prime; background_position=\u00a0\u00bbtop_left\u00a0\u00bb custom_padding=\u00a0\u00bb|||\u00a0\u00bb custom_padding__hover=\u00a0\u00bb|||\u00a0\u00bb][et_pb_blurb title=\u00a0\u00bbDes conseils sp\u00e9cifiques\u00a0\u00bb url=\u00a0\u00bb#\u00a0\u00bb use_icon=\u00a0\u00bbon\u00a0\u00bb font_icon=\u00a0\u00bb%%101%%\u00a0\u00bb use_icon_font_size=\u00a0\u00bbon\u00a0\u00bb icon_font_size=\u00a0\u00bb60px\u00a0\u00bb admin_label=\u00a0\u00bbService 01&Prime; _builder_version=\u00a0\u00bb4.6.5&Prime; header_font=\u00a0\u00bbMontserrat||||\u00a0\u00bb header_text_color=\u00a0\u00bb#1f1f1f\u00a0\u00bb header_font_size=\u00a0\u00bb22px\u00a0\u00bb header_line_height=\u00a0\u00bb1.8em\u00a0\u00bb body_font_size=\u00a0\u00bb16px\u00a0\u00bb body_line_height=\u00a0\u00bb1.9em\u00a0\u00bb background_size=\u00a0\u00bbinitial\u00a0\u00bb background_position=\u00a0\u00bbtop_left\u00a0\u00bb background_repeat=\u00a0\u00bbrepeat\u00a0\u00bb text_orientation=\u00a0\u00bbcenter\u00a0\u00bb animation_style=\u00a0\u00bbfold\u00a0\u00bb animation_direction=\u00a0\u00bbbottom\u00a0\u00bb animation_intensity_fold=\u00a0\u00bb30%\u00a0\u00bb]<\/p>\n<p>Vi ger er r\u00e5d genom hela v\u00e5rt samarbete om de b\u00e4sta metoderna f\u00f6r att optimera er kommuns webbplats p\u00e5 b\u00e4sta s\u00e4tt<\/p>\n<p>[\/et_pb_blurb][\/et_pb_column][et_pb_column type=\u00a0\u00bb1_3&Prime; _builder_version=\u00a0\u00bb3.25&Prime; background_position=\u00a0\u00bbtop_left\u00a0\u00bb custom_padding=\u00a0\u00bb|||\u00a0\u00bb custom_padding__hover=\u00a0\u00bb|||\u00a0\u00bb][et_pb_blurb title=\u00a0\u00bb100% S\u00e9curis\u00e9 \u00a0\u00bb url=\u00a0\u00bb#\u00a0\u00bb use_icon=\u00a0\u00bbon\u00a0\u00bb font_icon=\u00a0\u00bb%%93%%\u00a0\u00bb use_icon_font_size=\u00a0\u00bbon\u00a0\u00bb icon_font_size=\u00a0\u00bb60px\u00a0\u00bb admin_label=\u00a0\u00bbService 03&Prime; _builder_version=\u00a0\u00bb4.6.5&Prime; header_font=\u00a0\u00bbMontserrat||||\u00a0\u00bb header_text_color=\u00a0\u00bb#1f1f1f\u00a0\u00bb header_font_size=\u00a0\u00bb22px\u00a0\u00bb header_line_height=\u00a0\u00bb1.8em\u00a0\u00bb body_font_size=\u00a0\u00bb16px\u00a0\u00bb body_line_height=\u00a0\u00bb1.9em\u00a0\u00bb background_color=\u00a0\u00bbrgba(255,255,255,0)\u00a0\u00bb background_size=\u00a0\u00bbinitial\u00a0\u00bb background_position=\u00a0\u00bbtop_left\u00a0\u00bb background_repeat=\u00a0\u00bbrepeat\u00a0\u00bb text_orientation=\u00a0\u00bbcenter\u00a0\u00bb animation_style=\u00a0\u00bbfold\u00a0\u00bb animation_direction=\u00a0\u00bbbottom\u00a0\u00bb animation_delay=\u00a0\u00bb300ms\u00a0\u00bb animation_intensity_fold=\u00a0\u00bb30%\u00a0\u00bb]<\/p>\n<p>Er kommuns webbplats \u00e4r skyddad tack vare SSL-\/HTTPS-protokollet och tack vare regelbundet underh\u00e5ll av webbplatsen, samt uppdatering av modulerna<\/p>\n<p>[\/et_pb_blurb][\/et_pb_column][et_pb_column type=\u00a0\u00bb1_3&Prime; _builder_version=\u00a0\u00bb3.25&Prime; background_position=\u00a0\u00bbtop_left\u00a0\u00bb custom_padding=\u00a0\u00bb|||\u00a0\u00bb custom_padding__hover=\u00a0\u00bb|||\u00a0\u00bb][et_pb_blurb title=\u00a0\u00bbUne forte visibilit\u00e9\u00a0\u00bb url=\u00a0\u00bb#\u00a0\u00bb use_icon=\u00a0\u00bbon\u00a0\u00bb font_icon=\u00a0\u00bb%%134%%\u00a0\u00bb use_icon_font_size=\u00a0\u00bbon\u00a0\u00bb icon_font_size=\u00a0\u00bb60px\u00a0\u00bb admin_label=\u00a0\u00bbService 02&Prime; _builder_version=\u00a0\u00bb4.6.5&Prime; header_font=\u00a0\u00bbMontserrat||||\u00a0\u00bb header_text_color=\u00a0\u00bb#1f1f1f\u00a0\u00bb header_font_size=\u00a0\u00bb22px\u00a0\u00bb header_line_height=\u00a0\u00bb1.8em\u00a0\u00bb body_font_size=\u00a0\u00bb16px\u00a0\u00bb body_line_height=\u00a0\u00bb1.9em\u00a0\u00bb background_size=\u00a0\u00bbinitial\u00a0\u00bb background_position=\u00a0\u00bbtop_left\u00a0\u00bb background_repeat=\u00a0\u00bbrepeat\u00a0\u00bb text_orientation=\u00a0\u00bbcenter\u00a0\u00bb animation_style=\u00a0\u00bbfold\u00a0\u00bb animation_direction=\u00a0\u00bbbottom\u00a0\u00bb animation_delay=\u00a0\u00bb100ms\u00a0\u00bb animation_intensity_fold=\u00a0\u00bb30%\u00a0\u00bb]<\/p>\n<p>Du f\u00e5r stark synlighet tack vare skapandet av unikt och optimerat inneh\u00e5ll f\u00f6r din bransch, samt genom att l\u00e4gga till professionella \u00f6vers\u00e4ttningar. <\/p>\n<p>[\/et_pb_blurb][\/et_pb_column][\/et_pb_row][\/et_pb_section][et_pb_section fb_built=\u00a0\u00bb1&Prime; _builder_version=\u00a0\u00bb4.6.5&Prime; background_color=\u00a0\u00bb#ffffff\u00a0\u00bb background_image=\u00a0\u00bbhttps:\/\/www.france-webdesign.com\/wp-content\/uploads\/2020\/09\/mpn7xjkq_ns-scaled.jpg\u00a0\u00bb parallax=\u00a0\u00bbon\u00a0\u00bb background_enable_video_mp4=\u00a0\u00bboff\u00a0\u00bb z_index=\u00a0\u00bb43&Prime; custom_padding=\u00a0\u00bb23px|0px|36px|0px||\u00a0\u00bb custom_css_before=\u00a0\u00bbcontent:%22%22;||    display: block;||    position: absolute;||    top: 0;||    left: 0;||    width: 100%;||    height: 100%;||    background-color: rgba(255,255,255,.9);||    z-index: 1;\u00a0\u00bb][et_pb_row admin_label=\u00a0\u00bbTittle Row\u00a0\u00bb _builder_version=\u00a0\u00bb3.25&Prime; custom_padding=\u00a0\u00bb||9px|||\u00a0\u00bb][et_pb_column type=\u00a0\u00bb4_4&Prime; _builder_version=\u00a0\u00bb3.25&Prime; custom_padding=\u00a0\u00bb|||\u00a0\u00bb custom_padding__hover=\u00a0\u00bb|||\u00a0\u00bb][et_pb_text admin_label=\u00a0\u00bbTitle\u00a0\u00bb _builder_version=\u00a0\u00bb4.6.5&Prime; text_font=\u00a0\u00bbRaleway||||||||\u00a0\u00bb text_font_size=\u00a0\u00bb16px\u00a0\u00bb text_line_height=\u00a0\u00bb1.8em\u00a0\u00bb header_font=\u00a0\u00bb||||||||\u00a0\u00bb header_2_font=\u00a0\u00bbMontserrat|700|||||||\u00a0\u00bb header_2_font_size=\u00a0\u00bb32px\u00a0\u00bb header_2_line_height=\u00a0\u00bb1.4em\u00a0\u00bb text_orientation=\u00a0\u00bbcenter\u00a0\u00bb module_alignment=\u00a0\u00bbcenter\u00a0\u00bb custom_margin=\u00a0\u00bb|||\u00a0\u00bb]<\/p>\n<h2 class=\"\">Vi f\u00f6ljer ditt webbprojekt fr\u00e5n A till \u00d6<\/h2>\n<p>France Web-Design st\u00f6ttar er i alla aspekter av er kommuns onlinekommunikation<\/p>\n<p>[\/et_pb_text][\/et_pb_column][\/et_pb_row][et_pb_row column_structure=\u00a0\u00bb1_2,1_2&Prime; admin_label=\u00a0\u00bbSkill\u00a0\u00bb _builder_version=\u00a0\u00bb3.25&Prime; custom_margin=\u00a0\u00bb31px|auto|-15px|auto||\u00a0\u00bb custom_padding=\u00a0\u00bb20px||10px|\u00a0\u00bb][et_pb_column type=\u00a0\u00bb1_2&Prime; _builder_version=\u00a0\u00bb3.25&Prime; custom_padding=\u00a0\u00bb|||\u00a0\u00bb custom_padding__hover=\u00a0\u00bb|||\u00a0\u00bb][et_pb_text _builder_version=\u00a0\u00bb4.6.3&Prime; text_font=\u00a0\u00bbMontserrat||||\u00a0\u00bb text_text_color=\u00a0\u00bb#747d88&Prime; text_font_size=\u00a0\u00bb16px\u00a0\u00bb text_line_height=\u00a0\u00bb1.8em\u00a0\u00bb custom_margin=\u00a0\u00bb||-32px|||\u00a0\u00bb custom_padding=\u00a0\u00bb||20px|\u00a0\u00bb animation_style=\u00a0\u00bbflip\u00a0\u00bb animation_intensity_flip=\u00a0\u00bb20%\u00a0\u00bb]<\/p>\n<p>L\u00e5ngt ifr\u00e5n att tillhandah\u00e5lla en tj\u00e4nst som enbart \u00e4r teknisk, st\u00f6ttar vi borgm\u00e4staren, de folkvalda och inv\u00e5narna under hela mandatperioden f\u00f6r att genomf\u00f6ra alla f\u00f6r\u00e4ndringar, modifieringar och till\u00e4gg som beh\u00f6vs p\u00e5 en av de mest bes\u00f6kta webbplatserna lokalt: er kommuns webbplats!<\/p>\n<p>En kommuns webbplats, till skillnad fr\u00e5n m\u00e5nga webbplatser, kr\u00e4ver \u00f6kad uppm\u00e4rksamhet p\u00e5 grund av de m\u00e5nga protokoll, dokument och rapporter som regelbundet ska publiceras.<\/p>\n<p>Se h\u00e4r intill pyramiden f\u00f6r det digitala st\u00f6d vi erbjuder, med ett enda m\u00e5l: att st\u00f6dja er kommuns digitala omst\u00e4llning.\u00a0<\/p>\n<p>&nbsp;<\/p>\n<p>[\/et_pb_text][\/et_pb_column][et_pb_column type=\u00a0\u00bb1_2&Prime; _builder_version=\u00a0\u00bb3.25&Prime; custom_padding=\u00a0\u00bb|||\u00a0\u00bb custom_padding__hover=\u00a0\u00bb|||\u00a0\u00bb][et_pb_counters use_percentages=\u00a0\u00bboff\u00a0\u00bb module_class=\u00a0\u00bbpyramid\u00a0\u00bb _builder_version=\u00a0\u00bb4.6.5&Prime; title_font=\u00a0\u00bbMontserrat|||on|||||\u00a0\u00bb title_text_color=\u00a0\u00bb#353740&Prime; title_font_size=\u00a0\u00bb12px\u00a0\u00bb title_letter_spacing=\u00a0\u00bb1px\u00a0\u00bb title_line_height=\u00a0\u00bb2em\u00a0\u00bb percent_font_size=\u00a0\u00bb1px\u00a0\u00bb custom_margin=\u00a0\u00bb-3px||||false|false\u00a0\u00bb custom_padding=\u00a0\u00bb|||\u00a0\u00bb animation_style=\u00a0\u00bbfold\u00a0\u00bb animation_direction=\u00a0\u00bbleft\u00a0\u00bb animation_intensity_fold=\u00a0\u00bb30%\u00a0\u00bb custom_css_counter_title=\u00a0\u00bbmargin-top:-13px;\u00a0\u00bb custom_css_counter_container=\u00a0\u00bbmargin:-2px;\u00a0\u00bb][et_pb_counter percent=\u00a0\u00bb30&Prime; _builder_version=\u00a0\u00bb4.6.5&Prime; title_font=\u00a0\u00bb||||||||\u00a0\u00bb percent_font=\u00a0\u00bb||||\u00a0\u00bb background_color=\u00a0\u00bb#ececee\u00a0\u00bb custom_margin=\u00a0\u00bb||35px|\u00a0\u00bb custom_padding=\u00a0\u00bb|||\u00a0\u00bb background_enable_color_default=\u00a0\u00bbon\u00a0\u00bb parallax_default=\u00a0\u00bboff\u00a0\u00bb parallax_method_default=\u00a0\u00bbon\u00a0\u00bb bar_background_color_default=\u00a0\u00bb#ACB9CA\u00a0\u00bb use_percentages=\u00a0\u00bboff\u00a0\u00bb allow_player_pause_default=\u00a0\u00bboff\u00a0\u00bb]Conseils &#038; recommandations[\/et_pb_counter][et_pb_counter percent=\u00a0\u00bb40&Prime; _builder_version=\u00a0\u00bb4.6.5&Prime; title_font=\u00a0\u00bb||||||||\u00a0\u00bb percent_font=\u00a0\u00bb||||\u00a0\u00bb background_color=\u00a0\u00bb#ececee\u00a0\u00bb custom_margin=\u00a0\u00bb||35px|\u00a0\u00bb custom_padding=\u00a0\u00bb|||\u00a0\u00bb background_enable_color_default=\u00a0\u00bbon\u00a0\u00bb parallax_default=\u00a0\u00bboff\u00a0\u00bb parallax_method_default=\u00a0\u00bbon\u00a0\u00bb bar_background_color_default=\u00a0\u00bb#ACB9CA\u00a0\u00bb use_percentages=\u00a0\u00bboff\u00a0\u00bb allow_player_pause_default=\u00a0\u00bboff\u00a0\u00bb]Accompagnement editorial[\/et_pb_counter][et_pb_counter percent=\u00a0\u00bb50&Prime; _builder_version=\u00a0\u00bb4.6.5&Prime; title_font=\u00a0\u00bb||||||||\u00a0\u00bb percent_font=\u00a0\u00bb||||\u00a0\u00bb background_color=\u00a0\u00bb#ececee\u00a0\u00bb custom_margin=\u00a0\u00bb||35px|\u00a0\u00bb custom_padding=\u00a0\u00bb|||\u00a0\u00bb background_enable_color_default=\u00a0\u00bbon\u00a0\u00bb parallax_default=\u00a0\u00bboff\u00a0\u00bb parallax_method_default=\u00a0\u00bbon\u00a0\u00bb bar_background_color_default=\u00a0\u00bb#ACB9CA\u00a0\u00bb use_percentages=\u00a0\u00bboff\u00a0\u00bb allow_player_pause_default=\u00a0\u00bboff\u00a0\u00bb]Formation \u00e0 l&rsquo;interface utilisateur[\/et_pb_counter][et_pb_counter percent=\u00a0\u00bb60&Prime; _builder_version=\u00a0\u00bb4.6.5&Prime; title_font=\u00a0\u00bb||||||||\u00a0\u00bb percent_font=\u00a0\u00bb||||\u00a0\u00bb background_color=\u00a0\u00bb#ececee\u00a0\u00bb custom_margin=\u00a0\u00bb||35px|\u00a0\u00bb custom_padding=\u00a0\u00bb|||\u00a0\u00bb background_enable_color_default=\u00a0\u00bbon\u00a0\u00bb parallax_default=\u00a0\u00bboff\u00a0\u00bb parallax_method_default=\u00a0\u00bbon\u00a0\u00bb bar_background_color_default=\u00a0\u00bb#ACB9CA\u00a0\u00bb use_percentages=\u00a0\u00bboff\u00a0\u00bb allow_player_pause_default=\u00a0\u00bboff\u00a0\u00bb]R\u00e9f\u00e9rencement et traductions[\/et_pb_counter][et_pb_counter percent=\u00a0\u00bb80&Prime; _builder_version=\u00a0\u00bb4.6.5&Prime; title_font=\u00a0\u00bb||||||||\u00a0\u00bb percent_font=\u00a0\u00bb||||\u00a0\u00bb background_color=\u00a0\u00bb#ececee\u00a0\u00bb custom_margin=\u00a0\u00bb||35px|\u00a0\u00bb custom_padding=\u00a0\u00bb|||\u00a0\u00bb background_enable_color_default=\u00a0\u00bbon\u00a0\u00bb parallax_default=\u00a0\u00bboff\u00a0\u00bb parallax_method_default=\u00a0\u00bbon\u00a0\u00bb bar_background_color_default=\u00a0\u00bb#ACB9CA\u00a0\u00bb use_percentages=\u00a0\u00bboff\u00a0\u00bb allow_player_pause_default=\u00a0\u00bboff\u00a0\u00bb]Reportages photo &#038; video[\/et_pb_counter][et_pb_counter percent=\u00a0\u00bb90&Prime; _builder_version=\u00a0\u00bb4.6.5&Prime; title_font=\u00a0\u00bb||||||||\u00a0\u00bb percent_font=\u00a0\u00bb||||\u00a0\u00bb background_color=\u00a0\u00bb#ececee\u00a0\u00bb custom_margin=\u00a0\u00bb||35px|\u00a0\u00bb custom_padding=\u00a0\u00bb|||\u00a0\u00bb background_enable_color_default=\u00a0\u00bbon\u00a0\u00bb parallax_default=\u00a0\u00bboff\u00a0\u00bb parallax_method_default=\u00a0\u00bbon\u00a0\u00bb bar_background_color_default=\u00a0\u00bb#ACB9CA\u00a0\u00bb use_percentages=\u00a0\u00bboff\u00a0\u00bb allow_player_pause_default=\u00a0\u00bboff\u00a0\u00bb]Conception de la charte graphique[\/et_pb_counter][et_pb_counter percent=\u00a0\u00bb100&Prime; _builder_version=\u00a0\u00bb4.6.5&Prime; title_font=\u00a0\u00bb||||||||\u00a0\u00bb percent_font=\u00a0\u00bb||||\u00a0\u00bb background_color=\u00a0\u00bb#ececee\u00a0\u00bb custom_margin=\u00a0\u00bb||35px|\u00a0\u00bb custom_padding=\u00a0\u00bb|||\u00a0\u00bb background_enable_color_default=\u00a0\u00bbon\u00a0\u00bb parallax_default=\u00a0\u00bboff\u00a0\u00bb parallax_method_default=\u00a0\u00bbon\u00a0\u00bb bar_background_color_default=\u00a0\u00bb#ACB9CA\u00a0\u00bb use_percentages=\u00a0\u00bboff\u00a0\u00bb allow_player_pause_default=\u00a0\u00bboff\u00a0\u00bb]Creation de la base du site internet de la mairie[\/et_pb_counter][\/et_pb_counters][\/et_pb_column][\/et_pb_row][et_pb_row _builder_version=\u00a0\u00bb4.6.5&Prime; _module_preset=\u00a0\u00bbdefault\u00a0\u00bb custom_padding=\u00a0\u00bb0px|||||\u00a0\u00bb][et_pb_column type=\u00a0\u00bb4_4&Prime; _builder_version=\u00a0\u00bb4.6.5&Prime; _module_preset=\u00a0\u00bbdefault\u00a0\u00bb][et_pb_cta title=\u00a0\u00bbD\u00e9couvrez notre derni\u00e8re cr\u00e9ation pour une mairie\u00a0\u00bb button_url=\u00a0\u00bbhttps:\/\/www.ste-marguerite-sur-mer.fr\/\u00a0\u00bb url_new_window=\u00a0\u00bbon\u00a0\u00bb button_text=\u00a0\u00bbD\u00e9couvrir le site de Ste Marguerite Sur Mer\u00a0\u00bb _builder_version=\u00a0\u00bb4.6.5&Prime; _module_preset=\u00a0\u00bbdefault\u00a0\u00bb background_color=\u00a0\u00bbrgba(255,255,255,0)\u00a0\u00bb background_enable_image=\u00a0\u00bboff\u00a0\u00bb background_size=\u00a0\u00bbinitial\u00a0\u00bb background_blend=\u00a0\u00bboverlay\u00a0\u00bb custom_button=\u00a0\u00bbon\u00a0\u00bb button_text_color=\u00a0\u00bb#565656&Prime; button_border_width=\u00a0\u00bb0px\u00a0\u00bb background_layout=\u00a0\u00bblight\u00a0\u00bb custom_margin=\u00a0\u00bb37px|||||\u00a0\u00bb custom_padding=\u00a0\u00bb14px|||||\u00a0\u00bb link_option_url=\u00a0\u00bbhttps:\/\/www.ste-marguerite-sur-mer.fr\/\u00a0\u00bb]<\/p>\n<p>Webbplatsen f\u00f6r kommunen Ste Marguerite sur Mer har bland annat moduler f\u00f6r v\u00e4der, webbkamera och helsk\u00e4rmsvideo. Kommunfullm\u00e4ktigeledam\u00f6terna har kontroll \u00f6ver webbplatsen och l\u00e4gger ofta till m\u00f6tesprotokoll.\u00a0<\/p>\n<p>[\/et_pb_cta][\/et_pb_column][\/et_pb_row][\/et_pb_section][et_pb_section fb_built=\u00a0\u00bb1&Prime; disabled_on=\u00a0\u00bboff|off|off\u00a0\u00bb admin_label=\u00a0\u00bbTestimonials\u00a0\u00bb _builder_version=\u00a0\u00bb4.6.5&Prime; background_color=\u00a0\u00bbrgba(0,0,0,0.62)\u00a0\u00bb background_color_gradient_direction=\u00a0\u00bb95deg\u00a0\u00bb background_image=\u00a0\u00bbhttps:\/\/www.france-webdesign.com\/wp-content\/uploads\/2020\/09\/web-design-background-03.jpg\u00a0\u00bb background_blend=\u00a0\u00bboverlay\u00a0\u00bb custom_padding=\u00a0\u00bb36px||60px||false|false\u00a0\u00bb animation_style=\u00a0\u00bbfold\u00a0\u00bb animation_direction=\u00a0\u00bbbottom\u00a0\u00bb animation_intensity_fold=\u00a0\u00bb4%\u00a0\u00bb saved_tabs=\u00a0\u00bball\u00a0\u00bb][et_pb_row _builder_version=\u00a0\u00bb4.6.5&Prime; background_size=\u00a0\u00bbinitial\u00a0\u00bb background_position=\u00a0\u00bbtop_left\u00a0\u00bb background_repeat=\u00a0\u00bbrepeat\u00a0\u00bb custom_padding=\u00a0\u00bb||0px|||\u00a0\u00bb custom_width_px=\u00a0\u00bb710px\u00a0\u00bb locked=\u00a0\u00bboff\u00a0\u00bb][et_pb_column type=\u00a0\u00bb4_4&Prime; _builder_version=\u00a0\u00bb3.25&Prime; background_position=\u00a0\u00bbtop_left\u00a0\u00bb custom_padding=\u00a0\u00bb|||\u00a0\u00bb custom_padding__hover=\u00a0\u00bb|||\u00a0\u00bb][et_pb_text admin_label=\u00a0\u00bbTestimonials Section Title\u00a0\u00bb _builder_version=\u00a0\u00bb4.6.3&Prime; header_font=\u00a0\u00bbMontserrat||||\u00a0\u00bb header_font_size=\u00a0\u00bb36px\u00a0\u00bb background_size=\u00a0\u00bbinitial\u00a0\u00bb background_position=\u00a0\u00bbtop_left\u00a0\u00bb background_repeat=\u00a0\u00bbrepeat\u00a0\u00bb text_orientation=\u00a0\u00bbcenter\u00a0\u00bb background_layout=\u00a0\u00bbdark\u00a0\u00bb max_width=\u00a0\u00bb710px\u00a0\u00bb module_alignment=\u00a0\u00bbcenter\u00a0\u00bb custom_margin=\u00a0\u00bb||3px|||\u00a0\u00bb animation_style=\u00a0\u00bbfold\u00a0\u00bb animation_direction=\u00a0\u00bbbottom\u00a0\u00bb animation_intensity_fold=\u00a0\u00bb20%\u00a0\u00bb]<\/p>\n<h2>Vittnesm\u00e5l<\/h2>\n<p>[\/et_pb_text][et_pb_divider color=\u00a0\u00bb#ffffff\u00a0\u00bb divider_weight=\u00a0\u00bb3px\u00a0\u00bb disabled_on=\u00a0\u00bboff|off|off\u00a0\u00bb _builder_version=\u00a0\u00bb4.6.3&Prime; background_color_gradient_direction=\u00a0\u00bb90deg\u00a0\u00bb max_width=\u00a0\u00bb100px\u00a0\u00bb module_alignment=\u00a0\u00bbcenter\u00a0\u00bb height=\u00a0\u00bb5px\u00a0\u00bb custom_margin=\u00a0\u00bb||5px||false|false\u00a0\u00bb custom_padding=\u00a0\u00bb||20px|\u00a0\u00bb animation_style=\u00a0\u00bbslide\u00a0\u00bb animation_direction=\u00a0\u00bbbottom\u00a0\u00bb locked=\u00a0\u00bboff\u00a0\u00bb][\/et_pb_divider][\/et_pb_column][\/et_pb_row][et_pb_row column_structure=\u00a0\u00bb1_3,1_3,1_3&Prime; use_custom_gutter=\u00a0\u00bbon\u00a0\u00bb _builder_version=\u00a0\u00bb4.6.5&Prime; background_size=\u00a0\u00bbinitial\u00a0\u00bb background_position=\u00a0\u00bbtop_left\u00a0\u00bb background_repeat=\u00a0\u00bbrepeat\u00a0\u00bb width=\u00a0\u00bb84%\u00a0\u00bb max_width=\u00a0\u00bb2560px\u00a0\u00bb custom_padding=\u00a0\u00bb0px|||||\u00a0\u00bb][et_pb_column type=\u00a0\u00bb1_3&Prime; _builder_version=\u00a0\u00bb3.25&Prime; custom_padding=\u00a0\u00bb|||\u00a0\u00bb custom_padding__hover=\u00a0\u00bb|||\u00a0\u00bb][et_pb_testimonial author=\u00a0\u00bbMairie de Sainte Marguerite sur Mer &#8211; 2018&Prime; job_title=\u00a0\u00bbMarie &#8211; commune &#8211; collectivit\u00e9\u00a0\u00bb portrait_url=\u00a0\u00bbhttps:\/\/www.france-webdesign.com\/wp-content\/uploads\/2020\/12\/REWORDKED-Blason_Sainte-Marguerite-sur-Mer.svg_.png\u00a0\u00bb quote_icon=\u00a0\u00bboff\u00a0\u00bb admin_label=\u00a0\u00bbTestimonial 01&Prime; _builder_version=\u00a0\u00bb4.6.5&Prime; body_font=\u00a0\u00bb||||\u00a0\u00bb body_font_size=\u00a0\u00bb16px\u00a0\u00bb use_background_color=\u00a0\u00bboff\u00a0\u00bb background_size=\u00a0\u00bbinitial\u00a0\u00bb background_position=\u00a0\u00bbtop_left\u00a0\u00bb background_repeat=\u00a0\u00bbrepeat\u00a0\u00bb background_layout=\u00a0\u00bbdark\u00a0\u00bb animation_style=\u00a0\u00bbfold\u00a0\u00bb animation_direction=\u00a0\u00bbleft\u00a0\u00bb animation_intensity_fold=\u00a0\u00bb20%\u00a0\u00bb locked=\u00a0\u00bboff\u00a0\u00bb]<\/p>\n<p><em>\u00ab Webbplatsen uppfyllde kravspecifikationen, bra pris \u00bb<\/em><\/p>\n<p>Uppt\u00e4ck webbplatsen: <a href=\"https:\/\/www.ste-marguerite-sur-mer.fr\/\" target=\"_blank\" rel=\"noopener noreferrer\">Ste Marguerite-sur-Mer kommunhus<\/a>\u00a0&#8211; <strong>skapad med\u00a0 France Web-Design<\/strong><\/p>\n<p>[\/et_pb_testimonial][\/et_pb_column][et_pb_column type=\u00a0\u00bb1_3&Prime; _builder_version=\u00a0\u00bb3.25&Prime; custom_padding=\u00a0\u00bb|||\u00a0\u00bb custom_padding__hover=\u00a0\u00bb|||\u00a0\u00bb][et_pb_testimonial author=\u00a0\u00bbKarla Bernat\u00a0\u00bb job_title=\u00a0\u00bbprofession lib\u00e9rale\u00a0\u00bb portrait_url=\u00a0\u00bbhttps:\/\/www.france-webdesign.com\/wp-content\/uploads\/2019\/01\/karla-bernat-1.jpg\u00a0\u00bb quote_icon=\u00a0\u00bboff\u00a0\u00bb admin_label=\u00a0\u00bbTestimonial 01&Prime; _builder_version=\u00a0\u00bb4.6.5&Prime; body_font=\u00a0\u00bb||||\u00a0\u00bb body_font_size=\u00a0\u00bb16px\u00a0\u00bb use_background_color=\u00a0\u00bboff\u00a0\u00bb background_size=\u00a0\u00bbinitial\u00a0\u00bb background_position=\u00a0\u00bbtop_left\u00a0\u00bb background_repeat=\u00a0\u00bbrepeat\u00a0\u00bb background_layout=\u00a0\u00bbdark\u00a0\u00bb custom_margin=\u00a0\u00bb||-16px||false|false\u00a0\u00bb custom_padding=\u00a0\u00bb||0px||false|false\u00a0\u00bb animation_style=\u00a0\u00bbfold\u00a0\u00bb animation_direction=\u00a0\u00bbright\u00a0\u00bb animation_intensity_fold=\u00a0\u00bb20%\u00a0\u00bb]\u00a0\u00bb<em>Att arbeta med France Web-Design har varit en fullst\u00e4ndig tillfredsst\u00e4llelse. Den webbplats vi har skapat \u00f6vertr\u00e4ffar verkligen mina f\u00f6rv\u00e4ntningar.<\/em><\/p>\n<p>Uppt\u00e4ck hans webbplats: <a href=\"https:\/\/www.karla-bernat.com\/\">Fransk psykolog i Berlin<\/a>\u00a0 &#8211; <strong>skapad med France Web-Design<\/strong>[\/et_pb_testimonial][\/et_pb_column][et_pb_column type=\u00a0\u00bb1_3&Prime; _builder_version=\u00a0\u00bb3.25&Prime; custom_padding=\u00a0\u00bb|||\u00a0\u00bb custom_padding__hover=\u00a0\u00bb|||\u00a0\u00bb][et_pb_testimonial author=\u00a0\u00bbM. Yu\u00a0\u00bb job_title=\u00a0\u00bbEntrepreneur\u00a0\u00bb portrait_url=\u00a0\u00bbhttps:\/\/www.france-webdesign.com\/wp-content\/uploads\/2020\/09\/portraits-circle-small_6.png\u00a0\u00bb quote_icon=\u00a0\u00bboff\u00a0\u00bb admin_label=\u00a0\u00bbTestimonial 01&Prime; _builder_version=\u00a0\u00bb4.6.3&Prime; body_font=\u00a0\u00bb||||\u00a0\u00bb body_font_size=\u00a0\u00bb16px\u00a0\u00bb use_background_color=\u00a0\u00bboff\u00a0\u00bb background_size=\u00a0\u00bbinitial\u00a0\u00bb background_position=\u00a0\u00bbtop_left\u00a0\u00bb background_repeat=\u00a0\u00bbrepeat\u00a0\u00bb background_layout=\u00a0\u00bbdark\u00a0\u00bb animation_style=\u00a0\u00bbfold\u00a0\u00bb animation_direction=\u00a0\u00bbleft\u00a0\u00bb animation_intensity_fold=\u00a0\u00bb20%\u00a0\u00bb locked=\u00a0\u00bboff\u00a0\u00bb]<\/p>\n<p><em>\"Ett professionellt arbetss\u00e4tt och ett v\u00e4l utf\u00f6rt arbete.\"<\/em><\/p>\n<p>Uppt\u00e4ck dess webbplats:\u00a0<a href=\"https:\/\/www.fuji-ascenseurs.com\/\" target=\"_blank\" rel=\"noopener noreferrer\">Fuji hissar<\/a>\u00a0&#8211; <strong>skapad med France Web-Design<\/strong><\/p>\n<p>[\/et_pb_testimonial][\/et_pb_column][\/et_pb_row][\/et_pb_section][et_pb_section fb_built=\u00a0\u00bb1&Prime; _builder_version=\u00a0\u00bb4.6.5&Prime; background_color=\u00a0\u00bb#ffffff\u00a0\u00bb background_blend=\u00a0\u00bboverlay\u00a0\u00bb background_video_mp4=\u00a0\u00bbhttps:\/\/www.france-webdesign.com\/wp-content\/uploads\/2020\/09\/Sketch-1038.mp4&Prime; z_index=\u00a0\u00bb43&Prime; custom_padding=\u00a0\u00bb23px|0px|22px|0px||\u00a0\u00bb custom_css_before=\u00a0\u00bbcontent:%22%22;||    display: block;||    position: absolute;||    top: 0;||    left: 0;||    width: 100%;||    height: 100%;||    background-color: rgba(255,255,255,.9);||    z-index: 1;\u00a0\u00bb][et_pb_row admin_label=\u00a0\u00bbTittle Row\u00a0\u00bb _builder_version=\u00a0\u00bb3.25&Prime; custom_padding=\u00a0\u00bb||9px|||\u00a0\u00bb][et_pb_column type=\u00a0\u00bb4_4&Prime; _builder_version=\u00a0\u00bb3.25&Prime; custom_padding=\u00a0\u00bb|||\u00a0\u00bb custom_padding__hover=\u00a0\u00bb|||\u00a0\u00bb][et_pb_text admin_label=\u00a0\u00bbTitle\u00a0\u00bb _builder_version=\u00a0\u00bb4.6.5&Prime; text_font=\u00a0\u00bbRaleway||||||||\u00a0\u00bb text_font_size=\u00a0\u00bb16px\u00a0\u00bb text_line_height=\u00a0\u00bb1.8em\u00a0\u00bb header_font=\u00a0\u00bb||||||||\u00a0\u00bb header_2_font=\u00a0\u00bbMontserrat|700|||||||\u00a0\u00bb header_2_font_size=\u00a0\u00bb32px\u00a0\u00bb header_2_line_height=\u00a0\u00bb1.4em\u00a0\u00bb text_orientation=\u00a0\u00bbcenter\u00a0\u00bb module_alignment=\u00a0\u00bbcenter\u00a0\u00bb custom_margin=\u00a0\u00bb|||\u00a0\u00bb]<\/p>\n<h2 class=\"\">Kompletta webberbjudanden <br \/>&amp; specifika f\u00f6r kommunhus<\/h2>\n<p>France Web-Design st\u00f6ttar er i alla aspekter av er kommuns onlinekommunikation<\/p>\n<p>[\/et_pb_text][\/et_pb_column][\/et_pb_row][et_pb_row column_structure=\u00a0\u00bb1_2,1_2&Prime; admin_label=\u00a0\u00bbSkill\u00a0\u00bb _builder_version=\u00a0\u00bb3.25&Prime; custom_margin=\u00a0\u00bb31px|auto||auto||\u00a0\u00bb custom_padding=\u00a0\u00bb20px||10px|\u00a0\u00bb][et_pb_column type=\u00a0\u00bb1_2&Prime; _builder_version=\u00a0\u00bb3.25&Prime; custom_padding=\u00a0\u00bb|||\u00a0\u00bb custom_padding__hover=\u00a0\u00bb|||\u00a0\u00bb][et_pb_text _builder_version=\u00a0\u00bb4.6.3&Prime; text_font=\u00a0\u00bbMontserrat||||\u00a0\u00bb text_text_color=\u00a0\u00bb#747d88&Prime; text_font_size=\u00a0\u00bb16px\u00a0\u00bb text_line_height=\u00a0\u00bb1.8em\u00a0\u00bb custom_margin=\u00a0\u00bb||-32px|||\u00a0\u00bb custom_padding=\u00a0\u00bb||20px|\u00a0\u00bb animation_style=\u00a0\u00bbflip\u00a0\u00bb animation_intensity_flip=\u00a0\u00bb20%\u00a0\u00bb]<\/p>\n<p>V\u00e5rt utbud av webbplatser f\u00f6r stadshus\/kommuner \u00e4r skalbara och samlar en upps\u00e4ttning funktioner som \u00e4r utformade f\u00f6r att kommunicera enkelt och smidigt med medborgarna.\u00a0<\/p>\n<p>V\u00e5r 360\u00b0-byr\u00e5 erbjuder er en kommunal webbplats med f\u00f6ljande funktioner (icke utt\u00f6mmande lista)\u00a0<\/p>\n<p>&nbsp;<\/p>\n<ul>\n<li>\u201dResponsiv\u201d arkitektur (anpassar sig till mobiler\/surfplattor)\u00a0<\/li>\n<li>S\u00e4ker och tillg\u00e4nglig\u00a0<\/li>\n<li>Val av design\u00a0<\/li>\n<li>\u00d6vers\u00e4ttningar\u00a0<\/li>\n<li>Kontaktformul\u00e4r, \u00e5tkomstkarta<\/li>\n<li>Cirka 30 sidor<\/li>\n<li>Moduler f\u00f6r nyhetsbrev, popup-f\u00f6nster, meddelanden<\/li>\n<li>Optimerad inneh\u00e5llsproduktion<\/li>\n<li>Installation av Google Analytics<\/li>\n<li>Referensmodul<\/li>\n<li>Bokningsmodul \u2013 m\u00f6ten<\/li>\n<li>Kompatibel med e-handel\u00a0<\/li>\n<li>Mycket enkelt och intuitivt administrationsgr\u00e4nssnitt<\/li>\n<li>GDPR-efterlevnad<\/li>\n<li>Leverans inom cirka 45 dagar<\/li>\n<\/ul>\n<p>[\/et_pb_text][\/et_pb_column][et_pb_column type=\u00a0\u00bb1_2&Prime; _builder_version=\u00a0\u00bb3.25&Prime; custom_padding=\u00a0\u00bb|||\u00a0\u00bb custom_padding__hover=\u00a0\u00bb|||\u00a0\u00bb][et_pb_circle_counter title=\u00a0\u00bbdes citoyens ont fait une d\u00e9marche en ligne en 2018 (source: Barom\u00e8tre du num\u00e9rique)\u00a0\u00bb number=\u00a0\u00bb66&Prime; _builder_version=\u00a0\u00bb4.6.5&Prime; _module_preset=\u00a0\u00bbdefault\u00a0\u00bb][\/et_pb_circle_counter][et_pb_circle_counter title=\u00a0\u00bbdes mairies de France ont un site responsive ! \u00a0\u00bb number=\u00a0\u00bb68&Prime; _builder_version=\u00a0\u00bb4.6.5&Prime; _module_preset=\u00a0\u00bbdefault\u00a0\u00bb][\/et_pb_circle_counter][\/et_pb_column][\/et_pb_row][et_pb_row _builder_version=\u00a0\u00bb4.6.5&Prime; _module_preset=\u00a0\u00bbdefault\u00a0\u00bb][et_pb_column type=\u00a0\u00bb4_4&Prime; _builder_version=\u00a0\u00bb4.6.5&Prime; _module_preset=\u00a0\u00bbdefault\u00a0\u00bb][et_pb_button button_url=\u00a0\u00bb#contact\u00a0\u00bb button_text=\u00a0\u00bbContactez nous pour un devis rapide\u00a0\u00bb button_alignment=\u00a0\u00bbcenter\u00a0\u00bb module_id=\u00a0\u00bbsitedehwd\u00a0\u00bb _builder_version=\u00a0\u00bb4.6.5&Prime; custom_button=\u00a0\u00bbon\u00a0\u00bb button_text_color=\u00a0\u00bb#ffffff\u00a0\u00bb button_border_width=\u00a0\u00bb0px\u00a0\u00bb button_border_color=\u00a0\u00bb#747d88&Prime; button_border_radius=\u00a0\u00bb1px\u00a0\u00bb button_letter_spacing=\u00a0\u00bb1px\u00a0\u00bb button_font=\u00a0\u00bbMontserrat|on||on|\u00a0\u00bb button_icon=\u00a0\u00bb%%36%%\u00a0\u00bb button_icon_color=\u00a0\u00bb#747d88&Prime; animation_style=\u00a0\u00bbflip\u00a0\u00bb animation_direction=\u00a0\u00bbright\u00a0\u00bb animation_intensity_flip=\u00a0\u00bb20%\u00a0\u00bb button_text_color_hover=\u00a0\u00bb#747d88&Prime; button_border_color_hover=\u00a0\u00bb#747d88&Prime; button_letter_spacing_hover=\u00a0\u00bb2px\u00a0\u00bb button_bg_color_hover=\u00a0\u00bbrgba(0,0,0,0)\u00a0\u00bb button_text_size__hover_enabled=\u00a0\u00bboff\u00a0\u00bb button_one_text_size__hover_enabled=\u00a0\u00bboff\u00a0\u00bb button_two_text_size__hover_enabled=\u00a0\u00bboff\u00a0\u00bb button_text_color__hover_enabled=\u00a0\u00bbon\u00a0\u00bb button_text_color__hover=\u00a0\u00bb#747d88&Prime; button_one_text_color__hover_enabled=\u00a0\u00bboff\u00a0\u00bb button_two_text_color__hover_enabled=\u00a0\u00bboff\u00a0\u00bb button_border_width__hover_enabled=\u00a0\u00bboff\u00a0\u00bb button_one_border_width__hover_enabled=\u00a0\u00bboff\u00a0\u00bb button_two_border_width__hover_enabled=\u00a0\u00bboff\u00a0\u00bb button_border_color__hover_enabled=\u00a0\u00bbon\u00a0\u00bb button_border_color__hover=\u00a0\u00bb#747d88&Prime; button_one_border_color__hover_enabled=\u00a0\u00bboff\u00a0\u00bb button_two_border_color__hover_enabled=\u00a0\u00bboff\u00a0\u00bb button_border_radius__hover_enabled=\u00a0\u00bboff\u00a0\u00bb button_one_border_radius__hover_enabled=\u00a0\u00bboff\u00a0\u00bb button_two_border_radius__hover_enabled=\u00a0\u00bboff\u00a0\u00bb button_letter_spacing__hover_enabled=\u00a0\u00bbon\u00a0\u00bb button_letter_spacing__hover=\u00a0\u00bb2px\u00a0\u00bb button_one_letter_spacing__hover_enabled=\u00a0\u00bboff\u00a0\u00bb button_two_letter_spacing__hover_enabled=\u00a0\u00bboff\u00a0\u00bb button_bg_color__hover_enabled=\u00a0\u00bbon\u00a0\u00bb button_bg_color__hover=\u00a0\u00bbrgba(0,0,0,0)\u00a0\u00bb button_one_bg_color__hover_enabled=\u00a0\u00bboff\u00a0\u00bb button_two_bg_color__hover_enabled=\u00a0\u00bboff\u00a0\u00bb][\/et_pb_button][\/et_pb_column][\/et_pb_row][\/et_pb_section][et_pb_section fb_built=\u00a0\u00bb1&Prime; admin_label=\u00a0\u00bbFeature Section\u00a0\u00bb _builder_version=\u00a0\u00bb4.6.3&Prime; custom_margin=\u00a0\u00bb|||\u00a0\u00bb custom_padding=\u00a0\u00bb41px||41px||true|false\u00a0\u00bb][et_pb_row column_structure=\u00a0\u00bb1_2,1_2&Prime; use_custom_gutter=\u00a0\u00bbon\u00a0\u00bb gutter_width=\u00a0\u00bb4&Prime; admin_label=\u00a0\u00bbFeature\u00a0\u00bb module_class=\u00a0\u00bb et_pb_row_fullwidth\u00a0\u00bb _builder_version=\u00a0\u00bb3.25&Prime; width=\u00a0\u00bb86%\u00a0\u00bb width_tablet=\u00a0\u00bb80%\u00a0\u00bb width_phone=\u00a0\u00bb\u00a0\u00bb width_last_edited=\u00a0\u00bbon|desktop\u00a0\u00bb max_width=\u00a0\u00bb86%\u00a0\u00bb max_width_tablet=\u00a0\u00bb80%\u00a0\u00bb max_width_phone=\u00a0\u00bb\u00a0\u00bb max_width_last_edited=\u00a0\u00bbon|desktop\u00a0\u00bb custom_padding=\u00a0\u00bb0px||0px||true|\u00a0\u00bb make_fullwidth=\u00a0\u00bbon\u00a0\u00bb][et_pb_column type=\u00a0\u00bb1_2&Prime; _builder_version=\u00a0\u00bb3.25&Prime; custom_padding=\u00a0\u00bb|||\u00a0\u00bb custom_padding__hover=\u00a0\u00bb|||\u00a0\u00bb][et_pb_image src=\u00a0\u00bbhttps:\/\/www.france-webdesign.com\/wp-content\/uploads\/2020\/09\/5qgiuubxkwm-scaled.jpg\u00a0\u00bb alt=\u00a0\u00bbblack smartphone near person\u00a0\u00bb title_text=\u00a0\u00bbPhoto by Headway\u00a0\u00bb align=\u00a0\u00bbcenter\u00a0\u00bb force_fullwidth=\u00a0\u00bbon\u00a0\u00bb align_tablet=\u00a0\u00bbcenter\u00a0\u00bb align_phone=\u00a0\u00bb\u00a0\u00bb align_last_edited=\u00a0\u00bbon|desktop\u00a0\u00bb _builder_version=\u00a0\u00bb4.6.5&Prime; custom_margin=\u00a0\u00bb66px|||\u00a0\u00bb animation_style=\u00a0\u00bbslide\u00a0\u00bb animation_direction=\u00a0\u00bbright\u00a0\u00bb animation_intensity_slide=\u00a0\u00bb8%\u00a0\u00bb animation_starting_opacity=\u00a0\u00bb100%\u00a0\u00bb border_color_all=\u00a0\u00bb#ACB9CA\u00a0\u00bb][\/et_pb_image][\/et_pb_column][et_pb_column type=\u00a0\u00bb1_2&Prime; _builder_version=\u00a0\u00bb3.25&Prime; custom_padding=\u00a0\u00bb7%||7%|\u00a0\u00bb custom_padding__hover=\u00a0\u00bb|||\u00a0\u00bb][et_pb_text admin_label=\u00a0\u00bbTitle\u00a0\u00bb _builder_version=\u00a0\u00bb4.6.5&Prime; text_font=\u00a0\u00bbMontserrat||||||||\u00a0\u00bb text_text_color=\u00a0\u00bb#747d88&Prime; text_font_size=\u00a0\u00bb16px\u00a0\u00bb text_line_height=\u00a0\u00bb1.9em\u00a0\u00bb header_font=\u00a0\u00bb||||||||\u00a0\u00bb header_text_align=\u00a0\u00bbleft\u00a0\u00bb header_2_font=\u00a0\u00bbMontserrat|700||on|||||\u00a0\u00bb header_2_font_size=\u00a0\u00bb31px\u00a0\u00bb header_2_line_height=\u00a0\u00bb1.3em\u00a0\u00bb max_width=\u00a0\u00bb700px\u00a0\u00bb module_alignment=\u00a0\u00bbleft\u00a0\u00bb custom_margin=\u00a0\u00bb||22px|||\u00a0\u00bb animation_style=\u00a0\u00bbslide\u00a0\u00bb animation_direction=\u00a0\u00bbbottom\u00a0\u00bb animation_intensity_slide=\u00a0\u00bb4%\u00a0\u00bb locked=\u00a0\u00bboff\u00a0\u00bb]<\/p>\n<h2>V\u00e5ra specialiseringar<\/h2>\n<p>[\/et_pb_text][et_pb_text admin_label=\u00a0\u00bbSubtitle\u00a0\u00bb _builder_version=\u00a0\u00bb4.6.1&Prime; text_font=\u00a0\u00bbMontserrat||||\u00a0\u00bb text_text_color=\u00a0\u00bb#747d88&Prime; text_font_size=\u00a0\u00bb16px\u00a0\u00bb text_line_height=\u00a0\u00bb1.8em\u00a0\u00bb header_font=\u00a0\u00bb||||||||\u00a0\u00bb max_width=\u00a0\u00bb700px\u00a0\u00bb module_alignment=\u00a0\u00bbleft\u00a0\u00bb custom_margin=\u00a0\u00bb||10px|||\u00a0\u00bb custom_padding=\u00a0\u00bb||20px|\u00a0\u00bb animation_style=\u00a0\u00bbslide\u00a0\u00bb animation_direction=\u00a0\u00bbbottom\u00a0\u00bb animation_delay=\u00a0\u00bb100ms\u00a0\u00bb animation_intensity_slide=\u00a0\u00bb4%\u00a0\u00bb locked=\u00a0\u00bboff\u00a0\u00bb]<\/p>\n<p>Byr\u00e5n erbjuder \u00e4ven sina tj\u00e4nster genom sin specialiserade gren inom hotell \u2013 restaurang \u2013 turism: Hotel Web-Design. Uppt\u00e4ck v\u00e5r <a href=\"https:\/\/hotel-webdesign.com\/portfolio\">andra portfolio<\/a> f\u00f6r att du ska kunna ta in lite mer av v\u00e5ra skapelser<\/p>\n<p>[\/et_pb_text][et_pb_button button_url=\u00a0\u00bbhttps:\/\/hotel-webdesign.com\/\u00a0\u00bb url_new_window=\u00a0\u00bbon\u00a0\u00bb button_text=\u00a0\u00bbLe site d&rsquo;Hotel Web-Design\u00a0\u00bb button_alignment=\u00a0\u00bbleft\u00a0\u00bb module_id=\u00a0\u00bbsitedehwd\u00a0\u00bb _builder_version=\u00a0\u00bb4.6.5&Prime; custom_button=\u00a0\u00bbon\u00a0\u00bb button_text_color=\u00a0\u00bb#ffffff\u00a0\u00bb button_border_width=\u00a0\u00bb0px\u00a0\u00bb button_border_color=\u00a0\u00bb#747d88&Prime; button_border_radius=\u00a0\u00bb1px\u00a0\u00bb button_letter_spacing=\u00a0\u00bb1px\u00a0\u00bb button_font=\u00a0\u00bbMontserrat|on||on|\u00a0\u00bb button_icon=\u00a0\u00bb%%36%%\u00a0\u00bb button_icon_color=\u00a0\u00bb#747d88&Prime; animation_style=\u00a0\u00bbflip\u00a0\u00bb animation_direction=\u00a0\u00bbright\u00a0\u00bb animation_intensity_flip=\u00a0\u00bb20%\u00a0\u00bb button_text_color_hover=\u00a0\u00bb#747d88&Prime; button_border_color_hover=\u00a0\u00bb#747d88&Prime; button_letter_spacing_hover=\u00a0\u00bb2px\u00a0\u00bb button_bg_color_hover=\u00a0\u00bbrgba(0,0,0,0)\u00a0\u00bb button_text_size__hover_enabled=\u00a0\u00bboff\u00a0\u00bb button_one_text_size__hover_enabled=\u00a0\u00bboff\u00a0\u00bb button_two_text_size__hover_enabled=\u00a0\u00bboff\u00a0\u00bb button_text_color__hover_enabled=\u00a0\u00bbon\u00a0\u00bb button_text_color__hover=\u00a0\u00bb#747d88&Prime; button_one_text_color__hover_enabled=\u00a0\u00bboff\u00a0\u00bb button_two_text_color__hover_enabled=\u00a0\u00bboff\u00a0\u00bb button_border_width__hover_enabled=\u00a0\u00bboff\u00a0\u00bb button_one_border_width__hover_enabled=\u00a0\u00bboff\u00a0\u00bb button_two_border_width__hover_enabled=\u00a0\u00bboff\u00a0\u00bb button_border_color__hover_enabled=\u00a0\u00bbon\u00a0\u00bb button_border_color__hover=\u00a0\u00bb#747d88&Prime; button_one_border_color__hover_enabled=\u00a0\u00bboff\u00a0\u00bb button_two_border_color__hover_enabled=\u00a0\u00bboff\u00a0\u00bb button_border_radius__hover_enabled=\u00a0\u00bboff\u00a0\u00bb button_one_border_radius__hover_enabled=\u00a0\u00bboff\u00a0\u00bb button_two_border_radius__hover_enabled=\u00a0\u00bboff\u00a0\u00bb button_letter_spacing__hover_enabled=\u00a0\u00bbon\u00a0\u00bb button_letter_spacing__hover=\u00a0\u00bb2px\u00a0\u00bb button_one_letter_spacing__hover_enabled=\u00a0\u00bboff\u00a0\u00bb button_two_letter_spacing__hover_enabled=\u00a0\u00bboff\u00a0\u00bb button_bg_color__hover_enabled=\u00a0\u00bbon\u00a0\u00bb button_bg_color__hover=\u00a0\u00bbrgba(0,0,0,0)\u00a0\u00bb button_one_bg_color__hover_enabled=\u00a0\u00bboff\u00a0\u00bb button_two_bg_color__hover_enabled=\u00a0\u00bboff\u00a0\u00bb][\/et_pb_button][\/et_pb_column][\/et_pb_row][\/et_pb_section][et_pb_section fb_built=\u00a0\u00bb1&Prime; module_id=\u00a0\u00bbcoverflow-carousel\u00a0\u00bb _builder_version=\u00a0\u00bb4.6.3&Prime; background_color=\u00a0\u00bbrgba(255,255,255,0.93)\u00a0\u00bb background_image=\u00a0\u00bbhttps:\/\/www.france-webdesign.com\/wp-content\/uploads\/2020\/09\/iusj25iyu1c-scaled.jpg\u00a0\u00bb background_blend=\u00a0\u00bboverlay\u00a0\u00bb custom_padding=\u00a0\u00bb21px||21px||true|false\u00a0\u00bb link_option_url_new_window=\u00a0\u00bbon\u00a0\u00bb global_module=\u00a0\u00bb1785&Prime; saved_tabs=\u00a0\u00bball\u00a0\u00bb][et_pb_row admin_label=\u00a0\u00bbService Section Title\u00a0\u00bb _builder_version=\u00a0\u00bb3.25&Prime; custom_margin=\u00a0\u00bb-22px|auto|-9px|auto||\u00a0\u00bb animation_style=\u00a0\u00bbfade\u00a0\u00bb animation_direction=\u00a0\u00bbtop\u00a0\u00bb][et_pb_column type=\u00a0\u00bb4_4&Prime; _builder_version=\u00a0\u00bb3.25&Prime; custom_padding=\u00a0\u00bb|||\u00a0\u00bb custom_padding__hover=\u00a0\u00bb|||\u00a0\u00bb][et_pb_text admin_label=\u00a0\u00bbTitle\u00a0\u00bb _builder_version=\u00a0\u00bb4.6.5&Prime; text_font=\u00a0\u00bbMontserrat||||||||\u00a0\u00bb text_text_color=\u00a0\u00bb#747d88&Prime; text_font_size=\u00a0\u00bb16px\u00a0\u00bb text_line_height=\u00a0\u00bb1.9em\u00a0\u00bb header_font=\u00a0\u00bb||||||||\u00a0\u00bb header_2_font=\u00a0\u00bbMontserrat|700||on|||||\u00a0\u00bb header_2_font_size=\u00a0\u00bb42px\u00a0\u00bb header_2_line_height=\u00a0\u00bb1.3em\u00a0\u00bb text_orientation=\u00a0\u00bbcenter\u00a0\u00bb max_width=\u00a0\u00bb700px\u00a0\u00bb module_alignment=\u00a0\u00bbcenter\u00a0\u00bb animation_style=\u00a0\u00bbslide\u00a0\u00bb animation_direction=\u00a0\u00bbbottom\u00a0\u00bb animation_intensity_slide=\u00a0\u00bb4%\u00a0\u00bb header_2_font_size_tablet=\u00a0\u00bb\u00a0\u00bb header_2_font_size_phone=\u00a0\u00bb32px\u00a0\u00bb header_2_font_size_last_edited=\u00a0\u00bbon|phone\u00a0\u00bb]<\/p>\n<h2>Nos derni\u00e8res cr\u00e9ations<\/h2>\n<p>[\/et_pb_text][et_pb_text admin_label=\u00a0\u00bbSubtitle\u00a0\u00bb _builder_version=\u00a0\u00bb4.6.3&Prime; text_font=\u00a0\u00bbMontserrat||||\u00a0\u00bb text_text_color=\u00a0\u00bb#747d88&Prime; text_font_size=\u00a0\u00bb16px\u00a0\u00bb text_line_height=\u00a0\u00bb1.8em\u00a0\u00bb header_font=\u00a0\u00bb||||||||\u00a0\u00bb text_orientation=\u00a0\u00bbcenter\u00a0\u00bb max_width=\u00a0\u00bb700px\u00a0\u00bb module_alignment=\u00a0\u00bbcenter\u00a0\u00bb custom_margin=\u00a0\u00bb-19px|||||\u00a0\u00bb animation_style=\u00a0\u00bbslide\u00a0\u00bb animation_direction=\u00a0\u00bbbottom\u00a0\u00bb animation_delay=\u00a0\u00bb100ms\u00a0\u00bb animation_intensity_slide=\u00a0\u00bb4%\u00a0\u00bb]<\/p>\n<p>Uppt\u00e4ck v\u00e5ra senaste webbkreationer f\u00f6r<br \/> <strong>entreprises, TPE &#8211; PME et professions lib\u00e9rales<\/strong>.<\/p>\n<p>[\/et_pb_text][\/et_pb_column][\/et_pb_row][et_pb_row module_class=\u00a0\u00bb et_pb_row_fullwidth\u00a0\u00bb _builder_version=\u00a0\u00bb3.25&Prime; width=\u00a0\u00bb89%\u00a0\u00bb width_tablet=\u00a0\u00bb80%\u00a0\u00bb width_phone=\u00a0\u00bb\u00a0\u00bb width_last_edited=\u00a0\u00bbon|desktop\u00a0\u00bb max_width=\u00a0\u00bb89%\u00a0\u00bb max_width_tablet=\u00a0\u00bb80%\u00a0\u00bb max_width_phone=\u00a0\u00bb\u00a0\u00bb max_width_last_edited=\u00a0\u00bbon|desktop\u00a0\u00bb make_fullwidth=\u00a0\u00bbon\u00a0\u00bb][et_pb_column type=\u00a0\u00bb4_4&Prime; _builder_version=\u00a0\u00bb3.25&Prime; custom_padding=\u00a0\u00bb|||\u00a0\u00bb custom_padding__hover=\u00a0\u00bb|||\u00a0\u00bb][dica_divi_carousel item_width_tablet=\u00a0\u00bb\u00a0\u00bb item_width_phone=\u00a0\u00bb415px\u00a0\u00bb item_width_last_edited=\u00a0\u00bbon|desktop\u00a0\u00bb centermode=\u00a0\u00bbon\u00a0\u00bb loop=\u00a0\u00bbon\u00a0\u00bb arrow_nav=\u00a0\u00bbon\u00a0\u00bb dot_nav=\u00a0\u00bbon\u00a0\u00bb advanced_effect=\u00a0\u00bbcoverflow\u00a0\u00bb coverflow_rotate=\u00a0\u00bb42&Prime; arrow_nav_color=\u00a0\u00bb#000000&Prime; image_force_fullwidth=\u00a0\u00bbon\u00a0\u00bb innercontent_padding=\u00a0\u00bb15px|0|39px|0|false|false\u00a0\u00bb module_id=\u00a0\u00bbportfolio\u00a0\u00bb _builder_version=\u00a0\u00bb4.6.5&Prime; title_font=\u00a0\u00bb||||||||\u00a0\u00bb title_text_color=\u00a0\u00bb#ffffff\u00a0\u00bb body_font=\u00a0\u00bb||||||||\u00a0\u00bb body_text_color=\u00a0\u00bb#1c1c1c\u00a0\u00bb][dica_divi_carouselitem title=\u00a0\u00bbPsychologue\u00a0\u00bb button_text=\u00a0\u00bbD\u00e9couvrir le site\u00a0\u00bb button_url=\u00a0\u00bb#\u00a0\u00bb button_url_new_window=\u00a0\u00bbon\u00a0\u00bb image=\u00a0\u00bbhttps:\/\/www.france-webdesign.com\/wp-content\/uploads\/2020\/09\/psychologue-berlin-1.jpg\u00a0\u00bb content_padding=\u00a0\u00bb25px|25px|25px|25px|true|true\u00a0\u00bb button_padding=\u00a0\u00bb|23px|||false|false\u00a0\u00bb _builder_version=\u00a0\u00bb4.6.5&Prime; header_level=\u00a0\u00bbh3&Prime; subtitle_text_color=\u00a0\u00bb#ffffff\u00a0\u00bb body_font=\u00a0\u00bb||||||||\u00a0\u00bb body_text_color=\u00a0\u00bb#ffffff\u00a0\u00bb background_color=\u00a0\u00bbrgba(172,185,202,0.99)\u00a0\u00bb background_enable_color=\u00a0\u00bbon\u00a0\u00bb background_enable_image=\u00a0\u00bboff\u00a0\u00bb custom_button=\u00a0\u00bbon\u00a0\u00bb button_text_size=\u00a0\u00bb13px\u00a0\u00bb button_text_color=\u00a0\u00bb#ACB9CA\u00a0\u00bb button_bg_color=\u00a0\u00bb#ffffff\u00a0\u00bb button_border_width=\u00a0\u00bb1px\u00a0\u00bb button_font=\u00a0\u00bb||||||||\u00a0\u00bb button_use_icon=\u00a0\u00bbon\u00a0\u00bb button_icon_color=\u00a0\u00bb#acb9ca\u00a0\u00bb button_on_hover=\u00a0\u00bboff\u00a0\u00bb button_alignment=\u00a0\u00bbright\u00a0\u00bb link_option_url=\u00a0\u00bbhttps:\/\/www.karla-bernat.com\/\u00a0\u00bb link_option_url_new_window=\u00a0\u00bbon\u00a0\u00bb box_shadow_style=\u00a0\u00bbpreset3&Prime; button_bg_color__hover_enabled=\u00a0\u00bbon|desktop\u00a0\u00bb button_bg_color__hover=\u00a0\u00bb#ACB9CA\u00a0\u00bb button_text_color__hover_enabled=\u00a0\u00bbon|desktop\u00a0\u00bb button_text_color__hover=\u00a0\u00bb#ffffff\u00a0\u00bb button_bg_enable_color__hover=\u00a0\u00bbon\u00a0\u00bb]Mme Bernat nous a confi\u00e9 la refonte de son site internet de profession lib\u00e9rale &#8211; psychologue, pour une mise en ligne courant 2020[\/dica_divi_carouselitem][dica_divi_carouselitem title=\u00a0\u00bbAgence Immobili\u00e8re\u00a0\u00bb button_text=\u00a0\u00bbD\u00e9couvrir le site\u00a0\u00bb button_url=\u00a0\u00bbhttps:\/\/saint-denis-immobilier.fr\/\u00a0\u00bb button_url_new_window=\u00a0\u00bbon\u00a0\u00bb image=\u00a0\u00bbhttps:\/\/www.france-webdesign.com\/wp-content\/uploads\/2020\/09\/creation-de-site-agence-immobiliere.jpg\u00a0\u00bb image_alt=\u00a0\u00bbcreation de site agence immobiliere\u00a0\u00bb content_padding=\u00a0\u00bb25px|25px|25px|25px|true|true\u00a0\u00bb button_padding=\u00a0\u00bb|23px|||false|false\u00a0\u00bb _builder_version=\u00a0\u00bb4.6.5&Prime; header_level=\u00a0\u00bbh3&Prime; subtitle_text_color=\u00a0\u00bb#ffffff\u00a0\u00bb body_font=\u00a0\u00bb||||||||\u00a0\u00bb body_text_color=\u00a0\u00bb#ffffff\u00a0\u00bb background_color=\u00a0\u00bbrgba(172,185,202,0.99)\u00a0\u00bb background_enable_color=\u00a0\u00bbon\u00a0\u00bb background_enable_image=\u00a0\u00bboff\u00a0\u00bb custom_button=\u00a0\u00bbon\u00a0\u00bb button_text_size=\u00a0\u00bb13px\u00a0\u00bb button_text_color=\u00a0\u00bb#ACB9CA\u00a0\u00bb button_bg_color=\u00a0\u00bb#ffffff\u00a0\u00bb button_border_width=\u00a0\u00bb1px\u00a0\u00bb button_font=\u00a0\u00bb||||||||\u00a0\u00bb button_use_icon=\u00a0\u00bbon\u00a0\u00bb button_icon_color=\u00a0\u00bb#acb9ca\u00a0\u00bb button_on_hover=\u00a0\u00bboff\u00a0\u00bb button_alignment=\u00a0\u00bbright\u00a0\u00bb link_option_url=\u00a0\u00bbhttps:\/\/saint-denis-immobilier.fr\/\u00a0\u00bb link_option_url_new_window=\u00a0\u00bbon\u00a0\u00bb box_shadow_style=\u00a0\u00bbpreset3&Prime; button_bg_color__hover_enabled=\u00a0\u00bbon|desktop\u00a0\u00bb button_bg_color__hover=\u00a0\u00bb#ACB9CA\u00a0\u00bb button_text_color__hover_enabled=\u00a0\u00bbon|desktop\u00a0\u00bb button_text_color__hover=\u00a0\u00bb#ffffff\u00a0\u00bb button_bg_enable_color__hover=\u00a0\u00bbon\u00a0\u00bb]<\/p>\n<p>Saint Denis Immobilier a fait appel \u00e0 nous pour la refonte de leur site internet comprenant beaucoup d&rsquo;imp\u00e9ratifs techniques<\/p>\n<p>[\/dica_divi_carouselitem][dica_divi_carouselitem title=\u00a0\u00bbDentiste\u00a0\u00bb url=\u00a0\u00bbhttps:\/\/www.medecin-dentiste.fr\/\u00a0\u00bb url_new_window=\u00a0\u00bbon\u00a0\u00bb button_text=\u00a0\u00bbD\u00e9couvrir le site\u00a0\u00bb button_url=\u00a0\u00bb#\u00a0\u00bb button_url_new_window=\u00a0\u00bbon\u00a0\u00bb image=\u00a0\u00bbhttps:\/\/www.france-webdesign.com\/wp-content\/uploads\/2020\/09\/creation-site-profession-liberale.jpg\u00a0\u00bb image_alt=\u00a0\u00bbcreation site dentiste\u00a0\u00bb content_padding=\u00a0\u00bb25px|25px|25px|25px|true|true\u00a0\u00bb button_padding=\u00a0\u00bb|23px|||false|false\u00a0\u00bb _builder_version=\u00a0\u00bb4.6.5&Prime; header_level=\u00a0\u00bbh3&Prime; subtitle_text_color=\u00a0\u00bb#ffffff\u00a0\u00bb body_font=\u00a0\u00bb||||||||\u00a0\u00bb body_text_color=\u00a0\u00bb#ffffff\u00a0\u00bb background_color=\u00a0\u00bbrgba(172,185,202,0.99)\u00a0\u00bb background_enable_color=\u00a0\u00bbon\u00a0\u00bb background_enable_image=\u00a0\u00bboff\u00a0\u00bb custom_button=\u00a0\u00bbon\u00a0\u00bb button_text_size=\u00a0\u00bb13px\u00a0\u00bb button_text_color=\u00a0\u00bb#ACB9CA\u00a0\u00bb button_bg_color=\u00a0\u00bb#ffffff\u00a0\u00bb button_border_width=\u00a0\u00bb1px\u00a0\u00bb button_font=\u00a0\u00bb||||||||\u00a0\u00bb button_use_icon=\u00a0\u00bbon\u00a0\u00bb button_icon_color=\u00a0\u00bb#acb9ca\u00a0\u00bb button_on_hover=\u00a0\u00bboff\u00a0\u00bb button_alignment=\u00a0\u00bbright\u00a0\u00bb link_option_url=\u00a0\u00bbhttps:\/\/www.medecin-dentiste.fr\/\u00a0\u00bb link_option_url_new_window=\u00a0\u00bbon\u00a0\u00bb box_shadow_style=\u00a0\u00bbpreset3&Prime; button_bg_color__hover_enabled=\u00a0\u00bbon|desktop\u00a0\u00bb button_bg_color__hover=\u00a0\u00bb#ACB9CA\u00a0\u00bb button_text_color__hover_enabled=\u00a0\u00bbon|desktop\u00a0\u00bb button_text_color__hover=\u00a0\u00bb#ffffff\u00a0\u00bb button_bg_enable_color__hover=\u00a0\u00bbon\u00a0\u00bb]Cr\u00e9ation d&rsquo;un site internet pour un cabinet de dentistes[\/dica_divi_carouselitem][dica_divi_carouselitem title=\u00a0\u00bbChambre d&rsquo;h\u00f4tes\u00a0\u00bb url=\u00a0\u00bbhttps:\/\/www.vendee-chambre-hote.fr\/\u00a0\u00bb url_new_window=\u00a0\u00bbon\u00a0\u00bb button_text=\u00a0\u00bbD\u00e9couvrir le site\u00a0\u00bb button_url=\u00a0\u00bb#\u00a0\u00bb button_url_new_window=\u00a0\u00bbon\u00a0\u00bb image=\u00a0\u00bbhttps:\/\/www.france-webdesign.com\/wp-content\/uploads\/2020\/09\/creation-site-chambre-hote.jpg\u00a0\u00bb image_alt=\u00a0\u00bbCr\u00e9ation site profession liberale\u00a0\u00bb content_padding=\u00a0\u00bb25px|25px|25px|25px|true|true\u00a0\u00bb button_padding=\u00a0\u00bb|23px|||false|false\u00a0\u00bb _builder_version=\u00a0\u00bb4.6.5&Prime; header_level=\u00a0\u00bbh3&Prime; subtitle_text_color=\u00a0\u00bb#ffffff\u00a0\u00bb body_font=\u00a0\u00bb||||||||\u00a0\u00bb body_text_color=\u00a0\u00bb#ffffff\u00a0\u00bb background_color=\u00a0\u00bbrgba(172,185,202,0.99)\u00a0\u00bb background_enable_color=\u00a0\u00bbon\u00a0\u00bb background_enable_image=\u00a0\u00bboff\u00a0\u00bb custom_button=\u00a0\u00bbon\u00a0\u00bb button_text_size=\u00a0\u00bb13px\u00a0\u00bb button_text_color=\u00a0\u00bb#ACB9CA\u00a0\u00bb button_bg_color=\u00a0\u00bb#ffffff\u00a0\u00bb button_border_width=\u00a0\u00bb1px\u00a0\u00bb button_font=\u00a0\u00bb||||||||\u00a0\u00bb button_use_icon=\u00a0\u00bbon\u00a0\u00bb button_icon_color=\u00a0\u00bb#acb9ca\u00a0\u00bb button_on_hover=\u00a0\u00bboff\u00a0\u00bb button_alignment=\u00a0\u00bbright\u00a0\u00bb link_option_url=\u00a0\u00bbhttps:\/\/www.location-normandie.net\/\u00a0\u00bb link_option_url_new_window=\u00a0\u00bbon\u00a0\u00bb box_shadow_style=\u00a0\u00bbpreset3&Prime; button_bg_color__hover_enabled=\u00a0\u00bbon|desktop\u00a0\u00bb button_bg_color__hover=\u00a0\u00bb#ACB9CA\u00a0\u00bb button_text_color__hover_enabled=\u00a0\u00bbon|desktop\u00a0\u00bb button_text_color__hover=\u00a0\u00bb#ffffff\u00a0\u00bb button_bg_enable_color__hover=\u00a0\u00bbon\u00a0\u00bb]<\/p>\n<p>Cr\u00e9ation d&rsquo;un site internet pour des chambres d&rsquo;h\u00f4tes en Normandie<\/p>\n<p>[\/dica_divi_carouselitem][dica_divi_carouselitem title=\u00a0\u00bbMairie \u00a0\u00bb url=\u00a0\u00bbhttps:\/\/www.ste-marguerite-sur-mer.fr\/\u00a0\u00bb url_new_window=\u00a0\u00bbon\u00a0\u00bb button_text=\u00a0\u00bbD\u00e9couvrir le site\u00a0\u00bb button_url=\u00a0\u00bb#\u00a0\u00bb button_url_new_window=\u00a0\u00bbon\u00a0\u00bb image=\u00a0\u00bbhttps:\/\/www.france-webdesign.com\/wp-content\/uploads\/2020\/09\/creaiton-site-mairie.jpg\u00a0\u00bb image_alt=\u00a0\u00bbcreation site mairie\u00a0\u00bb content_padding=\u00a0\u00bb25px|25px|25px|25px|true|true\u00a0\u00bb button_padding=\u00a0\u00bb|23px|||false|false\u00a0\u00bb _builder_version=\u00a0\u00bb4.6.5&Prime; header_level=\u00a0\u00bbh3&Prime; subtitle_text_color=\u00a0\u00bb#ffffff\u00a0\u00bb body_font=\u00a0\u00bb||||||||\u00a0\u00bb body_text_color=\u00a0\u00bb#ffffff\u00a0\u00bb background_color=\u00a0\u00bbrgba(172,185,202,0.99)\u00a0\u00bb background_enable_color=\u00a0\u00bbon\u00a0\u00bb background_enable_image=\u00a0\u00bboff\u00a0\u00bb custom_button=\u00a0\u00bbon\u00a0\u00bb button_text_size=\u00a0\u00bb13px\u00a0\u00bb button_text_color=\u00a0\u00bb#ACB9CA\u00a0\u00bb button_bg_color=\u00a0\u00bb#ffffff\u00a0\u00bb button_border_width=\u00a0\u00bb1px\u00a0\u00bb button_font=\u00a0\u00bb||||||||\u00a0\u00bb button_use_icon=\u00a0\u00bbon\u00a0\u00bb button_icon_color=\u00a0\u00bb#acb9ca\u00a0\u00bb button_on_hover=\u00a0\u00bboff\u00a0\u00bb button_alignment=\u00a0\u00bbright\u00a0\u00bb link_option_url=\u00a0\u00bbhttps:\/\/www.ste-marguerite-sur-mer.fr\/\u00a0\u00bb link_option_url_new_window=\u00a0\u00bbon\u00a0\u00bb box_shadow_style=\u00a0\u00bbpreset3&Prime; button_bg_color__hover_enabled=\u00a0\u00bbon|desktop\u00a0\u00bb button_bg_color__hover=\u00a0\u00bb#ACB9CA\u00a0\u00bb button_text_color__hover_enabled=\u00a0\u00bbon|desktop\u00a0\u00bb button_text_color__hover=\u00a0\u00bb#ffffff\u00a0\u00bb button_bg_enable_color__hover=\u00a0\u00bbon\u00a0\u00bb]Refonte du site internet d&rsquo;une mairie normande. Cr\u00e9ation video, photo et webcam live[\/dica_divi_carouselitem][dica_divi_carouselitem title=\u00a0\u00bbAgence\u00a0\u00bb url=\u00a0\u00bbhttps:\/\/www.ste-marguerite-sur-mer.fr\/\u00a0\u00bb url_new_window=\u00a0\u00bbon\u00a0\u00bb button_text=\u00a0\u00bbD\u00e9couvrir le site\u00a0\u00bb button_url=\u00a0\u00bb#\u00a0\u00bb button_url_new_window=\u00a0\u00bbon\u00a0\u00bb image=\u00a0\u00bbhttps:\/\/www.france-webdesign.com\/wp-content\/uploads\/2020\/09\/creation-site-agence.jpg\u00a0\u00bb image_alt=\u00a0\u00bbCr\u00e9ation site profession liberale\u00a0\u00bb content_padding=\u00a0\u00bb25px|25px|25px|25px|true|true\u00a0\u00bb button_padding=\u00a0\u00bb|23px|||false|false\u00a0\u00bb _builder_version=\u00a0\u00bb4.6.5&Prime; header_level=\u00a0\u00bbh3&Prime; subtitle_text_color=\u00a0\u00bb#ffffff\u00a0\u00bb body_font=\u00a0\u00bb||||||||\u00a0\u00bb body_text_color=\u00a0\u00bb#ffffff\u00a0\u00bb background_color=\u00a0\u00bbrgba(172,185,202,0.99)\u00a0\u00bb background_enable_color=\u00a0\u00bbon\u00a0\u00bb background_enable_image=\u00a0\u00bboff\u00a0\u00bb custom_button=\u00a0\u00bbon\u00a0\u00bb button_text_size=\u00a0\u00bb13px\u00a0\u00bb button_text_color=\u00a0\u00bb#ACB9CA\u00a0\u00bb button_bg_color=\u00a0\u00bb#ffffff\u00a0\u00bb button_border_width=\u00a0\u00bb1px\u00a0\u00bb button_font=\u00a0\u00bb||||||||\u00a0\u00bb button_use_icon=\u00a0\u00bbon\u00a0\u00bb button_icon_color=\u00a0\u00bb#acb9ca\u00a0\u00bb button_on_hover=\u00a0\u00bboff\u00a0\u00bb button_alignment=\u00a0\u00bbright\u00a0\u00bb link_option_url=\u00a0\u00bbhttp:\/\/www.racines.agency\/\u00a0\u00bb link_option_url_new_window=\u00a0\u00bbon\u00a0\u00bb box_shadow_style=\u00a0\u00bbpreset3&Prime; button_bg_color__hover_enabled=\u00a0\u00bbon|desktop\u00a0\u00bb button_bg_color__hover=\u00a0\u00bb#ACB9CA\u00a0\u00bb button_text_color__hover_enabled=\u00a0\u00bbon|desktop\u00a0\u00bb button_text_color__hover=\u00a0\u00bb#ffffff\u00a0\u00bb button_bg_enable_color__hover=\u00a0\u00bbon\u00a0\u00bb]Cr\u00e9ation d&rsquo;un site pour une agence communication, refonte charte graphique et logo[\/dica_divi_carouselitem][dica_divi_carouselitem title=\u00a0\u00bbInstallateur\u00a0\u00bb url=\u00a0\u00bbhttps:\/\/www.ste-marguerite-sur-mer.fr\/\u00a0\u00bb url_new_window=\u00a0\u00bbon\u00a0\u00bb button_text=\u00a0\u00bbD\u00e9couvrir le site\u00a0\u00bb button_url=\u00a0\u00bb#\u00a0\u00bb button_url_new_window=\u00a0\u00bbon\u00a0\u00bb image=\u00a0\u00bbhttps:\/\/www.france-webdesign.com\/wp-content\/uploads\/2020\/09\/creation-site-installateur-cuisine.jpg\u00a0\u00bb image_alt=\u00a0\u00bbcreation site installateur\u00a0\u00bb content_padding=\u00a0\u00bb25px|25px|25px|25px|true|true\u00a0\u00bb button_padding=\u00a0\u00bb|23px|||false|false\u00a0\u00bb _builder_version=\u00a0\u00bb4.6.5&Prime; header_level=\u00a0\u00bbh3&Prime; subtitle_text_color=\u00a0\u00bb#ffffff\u00a0\u00bb body_font=\u00a0\u00bb||||||||\u00a0\u00bb body_text_color=\u00a0\u00bb#ffffff\u00a0\u00bb background_color=\u00a0\u00bbrgba(172,185,202,0.99)\u00a0\u00bb background_enable_color=\u00a0\u00bbon\u00a0\u00bb background_enable_image=\u00a0\u00bboff\u00a0\u00bb custom_button=\u00a0\u00bbon\u00a0\u00bb button_text_size=\u00a0\u00bb13px\u00a0\u00bb button_text_color=\u00a0\u00bb#ACB9CA\u00a0\u00bb button_bg_color=\u00a0\u00bb#ffffff\u00a0\u00bb button_border_width=\u00a0\u00bb1px\u00a0\u00bb button_font=\u00a0\u00bb||||||||\u00a0\u00bb button_use_icon=\u00a0\u00bbon\u00a0\u00bb button_icon_color=\u00a0\u00bb#acb9ca\u00a0\u00bb button_on_hover=\u00a0\u00bboff\u00a0\u00bb button_alignment=\u00a0\u00bbright\u00a0\u00bb link_option_url=\u00a0\u00bbhttps:\/\/www.cuisinesxm.com\/\u00a0\u00bb link_option_url_new_window=\u00a0\u00bbon\u00a0\u00bb box_shadow_style=\u00a0\u00bbpreset3&Prime; button_bg_color__hover_enabled=\u00a0\u00bbon|desktop\u00a0\u00bb button_bg_color__hover=\u00a0\u00bb#ACB9CA\u00a0\u00bb button_text_color__hover_enabled=\u00a0\u00bbon|desktop\u00a0\u00bb button_text_color__hover=\u00a0\u00bb#ffffff\u00a0\u00bb button_bg_enable_color__hover=\u00a0\u00bbon\u00a0\u00bb]Cr\u00e9ation et mise en place du site d&rsquo;un installateur de cuisines. Int\u00e9gration du logo client[\/dica_divi_carouselitem][dica_divi_carouselitem title=\u00a0\u00bbImportateur\u00a0\u00bb url=\u00a0\u00bbhttps:\/\/www.fuji-ascenseurs.com\/\u00a0\u00bb url_new_window=\u00a0\u00bbon\u00a0\u00bb button_text=\u00a0\u00bbD\u00e9couvrir le site\u00a0\u00bb button_url=\u00a0\u00bb#\u00a0\u00bb button_url_new_window=\u00a0\u00bbon\u00a0\u00bb image=\u00a0\u00bbhttps:\/\/www.france-webdesign.com\/wp-content\/uploads\/2020\/09\/creation-site-importateur.jpg\u00a0\u00bb image_alt=\u00a0\u00bbcreation site importateur\u00a0\u00bb content_padding=\u00a0\u00bb25px|25px|25px|25px|true|true\u00a0\u00bb button_padding=\u00a0\u00bb|23px|||false|false\u00a0\u00bb _builder_version=\u00a0\u00bb4.6.5&Prime; header_level=\u00a0\u00bbh3&Prime; subtitle_text_color=\u00a0\u00bb#ffffff\u00a0\u00bb body_font=\u00a0\u00bb||||||||\u00a0\u00bb body_text_color=\u00a0\u00bb#ffffff\u00a0\u00bb background_color=\u00a0\u00bbrgba(172,185,202,0.99)\u00a0\u00bb background_enable_color=\u00a0\u00bbon\u00a0\u00bb background_enable_image=\u00a0\u00bboff\u00a0\u00bb custom_button=\u00a0\u00bbon\u00a0\u00bb button_text_size=\u00a0\u00bb13px\u00a0\u00bb button_text_color=\u00a0\u00bb#ACB9CA\u00a0\u00bb button_bg_color=\u00a0\u00bb#ffffff\u00a0\u00bb button_border_width=\u00a0\u00bb1px\u00a0\u00bb button_font=\u00a0\u00bb||||||||\u00a0\u00bb button_use_icon=\u00a0\u00bbon\u00a0\u00bb button_icon_color=\u00a0\u00bb#acb9ca\u00a0\u00bb button_on_hover=\u00a0\u00bboff\u00a0\u00bb button_alignment=\u00a0\u00bbright\u00a0\u00bb link_option_url=\u00a0\u00bbhttps:\/\/www.fuji-ascenseurs.com\/\u00a0\u00bb link_option_url_new_window=\u00a0\u00bbon\u00a0\u00bb box_shadow_style=\u00a0\u00bbpreset3&Prime; button_bg_color__hover_enabled=\u00a0\u00bbon|desktop\u00a0\u00bb button_bg_color__hover=\u00a0\u00bb#ACB9CA\u00a0\u00bb button_text_color__hover_enabled=\u00a0\u00bbon|desktop\u00a0\u00bb button_text_color__hover=\u00a0\u00bb#ffffff\u00a0\u00bb button_bg_enable_color__hover=\u00a0\u00bbon\u00a0\u00bb]Elaboration du site internet de FUJI ascenseurs: importateur \u00e0 Annecy[\/dica_divi_carouselitem][\/dica_divi_carousel][\/et_pb_column][\/et_pb_row][\/et_pb_section][et_pb_section fb_built=\u00a0\u00bb1&Prime; admin_label=\u00a0\u00bbFooter\u00a0\u00bb module_id=\u00a0\u00bbcontact\u00a0\u00bb _builder_version=\u00a0\u00bb4.7.7&Prime; custom_margin=\u00a0\u00bb||-59px|||\u00a0\u00bb custom_padding=\u00a0\u00bb60px||60px||true|\u00a0\u00bb hover_enabled=\u00a0\u00bb0&Prime; saved_tabs=\u00a0\u00bball\u00a0\u00bb global_module=\u00a0\u00bb2009&Prime; background_color=\u00a0\u00bb#acb9ca\u00a0\u00bb background_image=\u00a0\u00bbhttps:\/\/www.france-webdesign.com\/wp-content\/uploads\/2020\/09\/section-background.jpg\u00a0\u00bb background_blend=\u00a0\u00bboverlay\u00a0\u00bb background_video_pause_outside_viewport=\u00a0\u00bboff\u00a0\u00bb sticky_enabled=\u00a0\u00bb0&Prime;][et_pb_row column_structure=\u00a0\u00bb3_5,2_5&Prime; use_custom_gutter=\u00a0\u00bbon\u00a0\u00bb gutter_width=\u00a0\u00bb2&Prime; make_equal=\u00a0\u00bbon\u00a0\u00bb _builder_version=\u00a0\u00bb4.7.7&Prime; background_size=\u00a0\u00bbinitial\u00a0\u00bb background_position=\u00a0\u00bbtop_left\u00a0\u00bb background_repeat=\u00a0\u00bbrepeat\u00a0\u00bb width=\u00a0\u00bb100%\u00a0\u00bb custom_margin=\u00a0\u00bb||||false|true\u00a0\u00bb custom_padding=\u00a0\u00bb||||false|false\u00a0\u00bb hover_enabled=\u00a0\u00bb0&Prime; sticky_enabled=\u00a0\u00bb0&Prime;][et_pb_column type=\u00a0\u00bb3_5&Prime; _builder_version=\u00a0\u00bb4.7.7&Prime; background_color=\u00a0\u00bbrgba(255,255,255,0.6)\u00a0\u00bb background_position=\u00a0\u00bbtop_left\u00a0\u00bb custom_padding=\u00a0\u00bb50px|40px|50px|40px\u00a0\u00bb hover_enabled=\u00a0\u00bb0&Prime; custom_padding__hover=\u00a0\u00bb|||\u00a0\u00bb sticky_enabled=\u00a0\u00bb0&Prime;][et_pb_text admin_label=\u00a0\u00bbTitle\u00a0\u00bb _builder_version=\u00a0\u00bb4.7.7&Prime; text_font=\u00a0\u00bbMontserrat||||||||\u00a0\u00bb text_text_color=\u00a0\u00bb#747d88&Prime; text_font_size=\u00a0\u00bb16px\u00a0\u00bb text_line_height=\u00a0\u00bb1.9em\u00a0\u00bb header_font=\u00a0\u00bb||||||||\u00a0\u00bb header_2_font=\u00a0\u00bbMontserrat|700||on|||||\u00a0\u00bb header_2_font_size=\u00a0\u00bb42px\u00a0\u00bb header_2_line_height=\u00a0\u00bb1.3em\u00a0\u00bb header_3_font=\u00a0\u00bbMontserrat|700||on|||||\u00a0\u00bb background_size=\u00a0\u00bbinitial\u00a0\u00bb background_position=\u00a0\u00bbtop_left\u00a0\u00bb background_repeat=\u00a0\u00bbrepeat\u00a0\u00bb text_orientation=\u00a0\u00bbcenter\u00a0\u00bb max_width=\u00a0\u00bb700px\u00a0\u00bb module_alignment=\u00a0\u00bbcenter\u00a0\u00bb custom_margin=\u00a0\u00bb||9px|||\u00a0\u00bb animation_style=\u00a0\u00bbslide\u00a0\u00bb animation_direction=\u00a0\u00bbbottom\u00a0\u00bb animation_intensity_slide=\u00a0\u00bb4%\u00a0\u00bb hover_enabled=\u00a0\u00bb0&Prime; sticky_enabled=\u00a0\u00bb0&Prime;]<\/p>\n<h3>L\u00e5t oss prata om ditt digitala projekt!<\/h3>\n<p>[\/et_pb_text][et_pb_text admin_label=\u00a0\u00bbSubtitle\u00a0\u00bb _builder_version=\u00a0\u00bb4.7.7&Prime; text_font=\u00a0\u00bbMontserrat||||\u00a0\u00bb text_text_color=\u00a0\u00bb#353740&Prime; text_font_size=\u00a0\u00bb16px\u00a0\u00bb text_line_height=\u00a0\u00bb1.8em\u00a0\u00bb header_font=\u00a0\u00bb||||||||\u00a0\u00bb background_size=\u00a0\u00bbinitial\u00a0\u00bb background_position=\u00a0\u00bbtop_left\u00a0\u00bb background_repeat=\u00a0\u00bbrepeat\u00a0\u00bb text_orientation=\u00a0\u00bbcenter\u00a0\u00bb max_width=\u00a0\u00bb700px\u00a0\u00bb module_alignment=\u00a0\u00bbcenter\u00a0\u00bb custom_margin=\u00a0\u00bb||25px|||\u00a0\u00bb animation_style=\u00a0\u00bbslide\u00a0\u00bb animation_direction=\u00a0\u00bbbottom\u00a0\u00bb animation_delay=\u00a0\u00bb100ms\u00a0\u00bb animation_intensity_slide=\u00a0\u00bb4%\u00a0\u00bb hover_enabled=\u00a0\u00bb0&Prime; sticky_enabled=\u00a0\u00bb0&Prime;]<\/p>\n<p>F\u00e5 det fullst\u00e4ndiga erbjudandet<\/p>\n<p>[\\\/et_pb_text][et_pb_text _builder_version=\u00a0\u00bb4.7.7\u2033 custom_margin=\u00a0\u00bb|0px||0px|false|true\u00a0\u00bb]<\/p>\n<p style=\"text-align: center;\">[kontaktformul\u00e4r-7 id=\"1213\u2033 title=\"Kontaktformul\u00e4r 1\u2033]<\/p>\n<p>[\/et_pb_text][\/et_pb_column][et_pb_column type=\u00a0\u00bb2_5&Prime; _builder_version=\u00a0\u00bb4.7.7&Prime; background_color=\u00a0\u00bbrgba(255,255,255,0.61)\u00a0\u00bb background_position=\u00a0\u00bbtop_left\u00a0\u00bb custom_padding=\u00a0\u00bb50px|20px|50px|20px|false|true\u00a0\u00bb hover_enabled=\u00a0\u00bb0&Prime; custom_padding__hover=\u00a0\u00bb|||\u00a0\u00bb sticky_enabled=\u00a0\u00bb0&Prime;][et_pb_image src=\u00a0\u00bbhttps:\/\/www.france-webdesign.com\/wp-content\/uploads\/2020\/09\/logo-france-webdesign-GRIS.png\u00a0\u00bb title_text=\u00a0\u00bblogo france webdesign GRIS\u00a0\u00bb _builder_version=\u00a0\u00bb4.7.7&Prime; _module_preset=\u00a0\u00bbdefault\u00a0\u00bb width=\u00a0\u00bb46%\u00a0\u00bb hover_enabled=\u00a0\u00bb0&Prime; custom_margin=\u00a0\u00bb-10px||||false|false\u00a0\u00bb sticky_enabled=\u00a0\u00bb0&Prime;][\/et_pb_image][et_pb_code _builder_version=\u00a0\u00bb4.7.7&Prime; _module_preset=\u00a0\u00bbdefault\u00a0\u00bb custom_margin=\u00a0\u00bb-11px|||||\u00a0\u00bb][reviews_rating more=\u00a0\u00bbTout lire\u00a0\u00bb][\/et_pb_code][\/et_pb_column][\/et_pb_row][\/et_pb_section]<\/p>","protected":false},"excerpt":{"rendered":"<p>Skapande av webbplats f\u00f6r kommunhus, kommuner, offentliga myndigheter  France Web-Design hj\u00e4lper Frankrikes kommuner att utveckla sin synlighet online genom skapande av webbplatser och skr\u00e4ddarsydd digital kommunikation f\u00f6r kommunhus och andra lokala myndigheter Vi ger er r\u00e5d under hela v\u00e5rt samarbete om b\u00e4sta praxis f\u00f6r att optimera s\u00e5 bra som m\u00f6jligt [\u2026]<\/p>","protected":false},"author":1,"featured_media":1819,"comment_status":"closed","ping_status":"closed","sticky":false,"template":"","format":"standard","meta":{"_yoast_wpseo_focuskw":"","_yoast_wpseo_title":"%%title%% %%page%% %%sep%% France Web-Design","_yoast_wpseo_metadesc":"Mairie cr\u00e9ation site internet commune et collectivit\u00e9. Agence web pour mairie, site web pour municipalit\u00e9 et service publique","_yoast_wpseo_opengraph-title":"","_yoast_wpseo_opengraph-image":"","_yoast_wpseo_twitter-title":"","_yoast_wpseo_twitter-image":"","_et_pb_use_builder":"on","_et_pb_old_content":"","_et_gb_content_width":"","footnotes":""},"categories":[59],"tags":[60,62,61,63],"class_list":["post-1817","post","type-post","status-publish","format-standard","has-post-thumbnail","hentry","category-creation-de-site-pour-mairie","tag-agence-web-pour-mairie","tag-creation-de-site-collectivite-territoriale","tag-creation-de-site-pour-commune","tag-creation-de-site-service-publique"],"yoast_head":"<!-- This site is optimized with the Yoast SEO plugin v27.4 - https:\/\/yoast.com\/product\/yoast-seo-wordpress\/ -->\n<title>Cr\u00e9ation de site pour mairie et commune - France Web-Design<\/title>\n<meta name=\"description\" content=\"Mairie cr\u00e9ation site internet commune et collectivit\u00e9. Agence web pour mairie, site web pour municipalit\u00e9 et service publique\" \/>\n<meta name=\"robots\" content=\"index, follow, max-snippet:-1, max-image-preview:large, max-video-preview:-1\" \/>\n<link rel=\"canonical\" href=\"https:\/\/www.france-webdesign.com\/sv\/skapande-av-webbplats-stadshus-kommun\" \/>\n<meta property=\"og:locale\" content=\"sv_SE\" \/>\n<meta property=\"og:type\" content=\"article\" \/>\n<meta property=\"og:title\" content=\"Cr\u00e9ation de site pour mairie et commune - France Web-Design\" \/>\n<meta property=\"og:description\" content=\"Mairie cr\u00e9ation site internet commune et collectivit\u00e9. Agence web pour mairie, site web pour municipalit\u00e9 et service publique\" \/>\n<meta property=\"og:url\" content=\"https:\/\/www.france-webdesign.com\/sv\/skapande-av-webbplats-stadshus-kommun\" \/>\n<meta property=\"og:site_name\" content=\"Cr\u00e9ation de sites pour PME, artisans et lib\u00e9raux\" \/>\n<meta property=\"article:published_time\" content=\"2020-12-02T12:30:18+00:00\" \/>\n<meta property=\"article:modified_time\" content=\"2021-01-11T11:04:14+00:00\" \/>\n<meta property=\"og:image\" content=\"https:\/\/www.france-webdesign.com\/wp-content\/uploads\/2020\/12\/cjrvp-eun2q-scaled.jpg\" \/>\n\t<meta property=\"og:image:width\" content=\"1700\" \/>\n\t<meta property=\"og:image:height\" content=\"2560\" \/>\n\t<meta property=\"og:image:type\" content=\"image\/jpeg\" \/>\n<meta name=\"author\" content=\"FR-Webdesign\" \/>\n<meta name=\"twitter:card\" content=\"summary_large_image\" \/>\n<meta name=\"twitter:label1\" content=\"Skriven av\" \/>\n\t<meta name=\"twitter:data1\" content=\"FR-Webdesign\" \/>\n\t<meta name=\"twitter:label2\" content=\"Ber\u00e4knad l\u00e4stid\" \/>\n\t<meta name=\"twitter:data2\" content=\"28 minuter\" \/>\n<script type=\"application\/ld+json\" class=\"yoast-schema-graph\">{\"@context\":\"https:\\\/\\\/schema.org\",\"@graph\":[{\"@type\":\"Article\",\"@id\":\"https:\\\/\\\/www.france-webdesign.com\\\/sv\\\/skapande-av-webbplats-stadshus-kommun#article\",\"isPartOf\":{\"@id\":\"https:\\\/\\\/www.france-webdesign.com\\\/sv\\\/skapande-av-webbplats-stadshus-kommun\"},\"author\":{\"name\":\"FR-Webdesign\",\"@id\":\"https:\\\/\\\/www.france-webdesign.com\\\/sv\\\/#\\\/schema\\\/person\\\/3311de2c5ed609b9aeb6c2bf138987d7\"},\"headline\":\"Cr\u00e9ation de site pour mairie et commune\",\"datePublished\":\"2020-12-02T12:30:18+00:00\",\"dateModified\":\"2021-01-11T11:04:14+00:00\",\"mainEntityOfPage\":{\"@id\":\"https:\\\/\\\/www.france-webdesign.com\\\/sv\\\/skapande-av-webbplats-stadshus-kommun\"},\"wordCount\":5687,\"publisher\":{\"@id\":\"https:\\\/\\\/www.france-webdesign.com\\\/sv\\\/#organization\"},\"image\":{\"@id\":\"https:\\\/\\\/www.france-webdesign.com\\\/sv\\\/skapande-av-webbplats-stadshus-kommun#primaryimage\"},\"thumbnailUrl\":\"https:\\\/\\\/www.france-webdesign.com\\\/wp-content\\\/uploads\\\/2020\\\/12\\\/cjrvp-eun2q-scaled.jpg\",\"keywords\":[\"agence web pour mairie\",\"creation de site collectivit\u00e9 territoriale\",\"creation de site pour commune\",\"cr\u00e9ation de site service publique\"],\"articleSection\":[\"Creation de site pour mairie\"],\"inLanguage\":\"sv-SE\"},{\"@type\":\"WebPage\",\"@id\":\"https:\\\/\\\/www.france-webdesign.com\\\/sv\\\/skapande-av-webbplats-stadshus-kommun\",\"url\":\"https:\\\/\\\/www.france-webdesign.com\\\/sv\\\/skapande-av-webbplats-stadshus-kommun\",\"name\":\"Cr\u00e9ation de site pour mairie et commune - France Web-Design\",\"isPartOf\":{\"@id\":\"https:\\\/\\\/www.france-webdesign.com\\\/sv\\\/#website\"},\"primaryImageOfPage\":{\"@id\":\"https:\\\/\\\/www.france-webdesign.com\\\/sv\\\/skapande-av-webbplats-stadshus-kommun#primaryimage\"},\"image\":{\"@id\":\"https:\\\/\\\/www.france-webdesign.com\\\/sv\\\/skapande-av-webbplats-stadshus-kommun#primaryimage\"},\"thumbnailUrl\":\"https:\\\/\\\/www.france-webdesign.com\\\/wp-content\\\/uploads\\\/2020\\\/12\\\/cjrvp-eun2q-scaled.jpg\",\"datePublished\":\"2020-12-02T12:30:18+00:00\",\"dateModified\":\"2021-01-11T11:04:14+00:00\",\"description\":\"Mairie cr\u00e9ation site internet commune et collectivit\u00e9. Agence web pour mairie, site web pour municipalit\u00e9 et service publique\",\"breadcrumb\":{\"@id\":\"https:\\\/\\\/www.france-webdesign.com\\\/sv\\\/skapande-av-webbplats-stadshus-kommun#breadcrumb\"},\"inLanguage\":\"sv-SE\",\"potentialAction\":[{\"@type\":\"ReadAction\",\"target\":[\"https:\\\/\\\/www.france-webdesign.com\\\/sv\\\/skapande-av-webbplats-stadshus-kommun\"]}]},{\"@type\":\"ImageObject\",\"inLanguage\":\"sv-SE\",\"@id\":\"https:\\\/\\\/www.france-webdesign.com\\\/sv\\\/skapande-av-webbplats-stadshus-kommun#primaryimage\",\"url\":\"https:\\\/\\\/www.france-webdesign.com\\\/wp-content\\\/uploads\\\/2020\\\/12\\\/cjrvp-eun2q-scaled.jpg\",\"contentUrl\":\"https:\\\/\\\/www.france-webdesign.com\\\/wp-content\\\/uploads\\\/2020\\\/12\\\/cjrvp-eun2q-scaled.jpg\",\"width\":1700,\"height\":2560,\"caption\":\"white and brown concrete building under blue sky during daytime\"},{\"@type\":\"BreadcrumbList\",\"@id\":\"https:\\\/\\\/www.france-webdesign.com\\\/sv\\\/skapande-av-webbplats-stadshus-kommun#breadcrumb\",\"itemListElement\":[{\"@type\":\"ListItem\",\"position\":1,\"name\":\"Accueil\",\"item\":\"https:\\\/\\\/www.france-webdesign.com\\\/\"},{\"@type\":\"ListItem\",\"position\":2,\"name\":\"Cr\u00e9ation de site pour mairie et commune\"}]},{\"@type\":\"WebSite\",\"@id\":\"https:\\\/\\\/www.france-webdesign.com\\\/sv\\\/#website\",\"url\":\"https:\\\/\\\/www.france-webdesign.com\\\/sv\\\/\",\"name\":\"Cr\u00e9ation de sites pour PME, artisans et lib\u00e9raux\",\"description\":\"France Web Design\",\"publisher\":{\"@id\":\"https:\\\/\\\/www.france-webdesign.com\\\/sv\\\/#organization\"},\"potentialAction\":[{\"@type\":\"SearchAction\",\"target\":{\"@type\":\"EntryPoint\",\"urlTemplate\":\"https:\\\/\\\/www.france-webdesign.com\\\/sv\\\/?s={search_term_string}\"},\"query-input\":{\"@type\":\"PropertyValueSpecification\",\"valueRequired\":true,\"valueName\":\"search_term_string\"}}],\"inLanguage\":\"sv-SE\"},{\"@type\":\"Organization\",\"@id\":\"https:\\\/\\\/www.france-webdesign.com\\\/sv\\\/#organization\",\"name\":\"Cr\u00e9ation de sites pour entreprises et professionnels\",\"url\":\"https:\\\/\\\/www.france-webdesign.com\\\/sv\\\/\",\"logo\":{\"@type\":\"ImageObject\",\"inLanguage\":\"sv-SE\",\"@id\":\"https:\\\/\\\/www.france-webdesign.com\\\/sv\\\/#\\\/schema\\\/logo\\\/image\\\/\",\"url\":\"https:\\\/\\\/www.france-webdesign.com\\\/wp-content\\\/uploads\\\/2018\\\/12\\\/france-webdesign-logo.png\",\"contentUrl\":\"https:\\\/\\\/www.france-webdesign.com\\\/wp-content\\\/uploads\\\/2018\\\/12\\\/france-webdesign-logo.png\",\"width\":442,\"height\":127,\"caption\":\"Cr\u00e9ation de sites pour entreprises et professionnels\"},\"image\":{\"@id\":\"https:\\\/\\\/www.france-webdesign.com\\\/sv\\\/#\\\/schema\\\/logo\\\/image\\\/\"}},{\"@type\":\"Person\",\"@id\":\"https:\\\/\\\/www.france-webdesign.com\\\/sv\\\/#\\\/schema\\\/person\\\/3311de2c5ed609b9aeb6c2bf138987d7\",\"name\":\"FR-Webdesign\",\"image\":{\"@type\":\"ImageObject\",\"inLanguage\":\"sv-SE\",\"@id\":\"https:\\\/\\\/secure.gravatar.com\\\/avatar\\\/6fcc2f15419679d0130cb5d8281d232525e7e46448f5db9b20f0556bc7b61b99?s=96&d=mm&r=g\",\"url\":\"https:\\\/\\\/secure.gravatar.com\\\/avatar\\\/6fcc2f15419679d0130cb5d8281d232525e7e46448f5db9b20f0556bc7b61b99?s=96&d=mm&r=g\",\"contentUrl\":\"https:\\\/\\\/secure.gravatar.com\\\/avatar\\\/6fcc2f15419679d0130cb5d8281d232525e7e46448f5db9b20f0556bc7b61b99?s=96&d=mm&r=g\",\"caption\":\"FR-Webdesign\"}}]}<\/script>\n<!-- \/ Yoast SEO plugin. -->","yoast_head_json":{"title":"Cr\u00e9ation de site pour mairie et commune - France Web-Design","description":"Mairie cr\u00e9ation site internet commune et collectivit\u00e9. Agence web pour mairie, site web pour municipalit\u00e9 et service publique","robots":{"index":"index","follow":"follow","max-snippet":"max-snippet:-1","max-image-preview":"max-image-preview:large","max-video-preview":"max-video-preview:-1"},"canonical":"https:\/\/www.france-webdesign.com\/sv\/skapande-av-webbplats-stadshus-kommun","og_locale":"sv_SE","og_type":"article","og_title":"Cr\u00e9ation de site pour mairie et commune - France Web-Design","og_description":"Mairie cr\u00e9ation site internet commune et collectivit\u00e9. Agence web pour mairie, site web pour municipalit\u00e9 et service publique","og_url":"https:\/\/www.france-webdesign.com\/sv\/skapande-av-webbplats-stadshus-kommun","og_site_name":"Cr\u00e9ation de sites pour PME, artisans et lib\u00e9raux","article_published_time":"2020-12-02T12:30:18+00:00","article_modified_time":"2021-01-11T11:04:14+00:00","og_image":[{"width":1700,"height":2560,"url":"https:\/\/www.france-webdesign.com\/wp-content\/uploads\/2020\/12\/cjrvp-eun2q-scaled.jpg","type":"image\/jpeg"}],"author":"FR-Webdesign","twitter_card":"summary_large_image","twitter_misc":{"Skriven av":"FR-Webdesign","Ber\u00e4knad l\u00e4stid":"28 minuter"},"schema":{"@context":"https:\/\/schema.org","@graph":[{"@type":"Article","@id":"https:\/\/www.france-webdesign.com\/sv\/skapande-av-webbplats-stadshus-kommun#article","isPartOf":{"@id":"https:\/\/www.france-webdesign.com\/sv\/skapande-av-webbplats-stadshus-kommun"},"author":{"name":"FR-Webdesign","@id":"https:\/\/www.france-webdesign.com\/sv\/#\/schema\/person\/3311de2c5ed609b9aeb6c2bf138987d7"},"headline":"Cr\u00e9ation de site pour mairie et commune","datePublished":"2020-12-02T12:30:18+00:00","dateModified":"2021-01-11T11:04:14+00:00","mainEntityOfPage":{"@id":"https:\/\/www.france-webdesign.com\/sv\/skapande-av-webbplats-stadshus-kommun"},"wordCount":5687,"publisher":{"@id":"https:\/\/www.france-webdesign.com\/sv\/#organization"},"image":{"@id":"https:\/\/www.france-webdesign.com\/sv\/skapande-av-webbplats-stadshus-kommun#primaryimage"},"thumbnailUrl":"https:\/\/www.france-webdesign.com\/wp-content\/uploads\/2020\/12\/cjrvp-eun2q-scaled.jpg","keywords":["agence web pour mairie","creation de site collectivit\u00e9 territoriale","creation de site pour commune","cr\u00e9ation de site service publique"],"articleSection":["Creation de site pour mairie"],"inLanguage":"sv-SE"},{"@type":"WebPage","@id":"https:\/\/www.france-webdesign.com\/sv\/skapande-av-webbplats-stadshus-kommun","url":"https:\/\/www.france-webdesign.com\/sv\/skapande-av-webbplats-stadshus-kommun","name":"Cr\u00e9ation de site pour mairie et commune - France Web-Design","isPartOf":{"@id":"https:\/\/www.france-webdesign.com\/sv\/#website"},"primaryImageOfPage":{"@id":"https:\/\/www.france-webdesign.com\/sv\/skapande-av-webbplats-stadshus-kommun#primaryimage"},"image":{"@id":"https:\/\/www.france-webdesign.com\/sv\/skapande-av-webbplats-stadshus-kommun#primaryimage"},"thumbnailUrl":"https:\/\/www.france-webdesign.com\/wp-content\/uploads\/2020\/12\/cjrvp-eun2q-scaled.jpg","datePublished":"2020-12-02T12:30:18+00:00","dateModified":"2021-01-11T11:04:14+00:00","description":"Mairie cr\u00e9ation site internet commune et collectivit\u00e9. Agence web pour mairie, site web pour municipalit\u00e9 et service publique","breadcrumb":{"@id":"https:\/\/www.france-webdesign.com\/sv\/skapande-av-webbplats-stadshus-kommun#breadcrumb"},"inLanguage":"sv-SE","potentialAction":[{"@type":"ReadAction","target":["https:\/\/www.france-webdesign.com\/sv\/skapande-av-webbplats-stadshus-kommun"]}]},{"@type":"ImageObject","inLanguage":"sv-SE","@id":"https:\/\/www.france-webdesign.com\/sv\/skapande-av-webbplats-stadshus-kommun#primaryimage","url":"https:\/\/www.france-webdesign.com\/wp-content\/uploads\/2020\/12\/cjrvp-eun2q-scaled.jpg","contentUrl":"https:\/\/www.france-webdesign.com\/wp-content\/uploads\/2020\/12\/cjrvp-eun2q-scaled.jpg","width":1700,"height":2560,"caption":"white and brown concrete building under blue sky during daytime"},{"@type":"BreadcrumbList","@id":"https:\/\/www.france-webdesign.com\/sv\/skapande-av-webbplats-stadshus-kommun#breadcrumb","itemListElement":[{"@type":"ListItem","position":1,"name":"Accueil","item":"https:\/\/www.france-webdesign.com\/"},{"@type":"ListItem","position":2,"name":"Cr\u00e9ation de site pour mairie et commune"}]},{"@type":"WebSite","@id":"https:\/\/www.france-webdesign.com\/sv\/#website","url":"https:\/\/www.france-webdesign.com\/sv\/","name":"Cr\u00e9ation de sites pour PME, artisans et lib\u00e9raux","description":"France Web Design","publisher":{"@id":"https:\/\/www.france-webdesign.com\/sv\/#organization"},"potentialAction":[{"@type":"SearchAction","target":{"@type":"EntryPoint","urlTemplate":"https:\/\/www.france-webdesign.com\/sv\/?s={search_term_string}"},"query-input":{"@type":"PropertyValueSpecification","valueRequired":true,"valueName":"search_term_string"}}],"inLanguage":"sv-SE"},{"@type":"Organization","@id":"https:\/\/www.france-webdesign.com\/sv\/#organization","name":"Cr\u00e9ation de sites pour entreprises et professionnels","url":"https:\/\/www.france-webdesign.com\/sv\/","logo":{"@type":"ImageObject","inLanguage":"sv-SE","@id":"https:\/\/www.france-webdesign.com\/sv\/#\/schema\/logo\/image\/","url":"https:\/\/www.france-webdesign.com\/wp-content\/uploads\/2018\/12\/france-webdesign-logo.png","contentUrl":"https:\/\/www.france-webdesign.com\/wp-content\/uploads\/2018\/12\/france-webdesign-logo.png","width":442,"height":127,"caption":"Cr\u00e9ation de sites pour entreprises et professionnels"},"image":{"@id":"https:\/\/www.france-webdesign.com\/sv\/#\/schema\/logo\/image\/"}},{"@type":"Person","@id":"https:\/\/www.france-webdesign.com\/sv\/#\/schema\/person\/3311de2c5ed609b9aeb6c2bf138987d7","name":"FR-Webdesign","image":{"@type":"ImageObject","inLanguage":"sv-SE","@id":"https:\/\/secure.gravatar.com\/avatar\/6fcc2f15419679d0130cb5d8281d232525e7e46448f5db9b20f0556bc7b61b99?s=96&d=mm&r=g","url":"https:\/\/secure.gravatar.com\/avatar\/6fcc2f15419679d0130cb5d8281d232525e7e46448f5db9b20f0556bc7b61b99?s=96&d=mm&r=g","contentUrl":"https:\/\/secure.gravatar.com\/avatar\/6fcc2f15419679d0130cb5d8281d232525e7e46448f5db9b20f0556bc7b61b99?s=96&d=mm&r=g","caption":"FR-Webdesign"}}]}},"_links":{"self":[{"href":"https:\/\/www.france-webdesign.com\/sv\/wp-json\/wp\/v2\/posts\/1817","targetHints":{"allow":["GET"]}}],"collection":[{"href":"https:\/\/www.france-webdesign.com\/sv\/wp-json\/wp\/v2\/posts"}],"about":[{"href":"https:\/\/www.france-webdesign.com\/sv\/wp-json\/wp\/v2\/types\/post"}],"author":[{"embeddable":true,"href":"https:\/\/www.france-webdesign.com\/sv\/wp-json\/wp\/v2\/users\/1"}],"replies":[{"embeddable":true,"href":"https:\/\/www.france-webdesign.com\/sv\/wp-json\/wp\/v2\/comments?post=1817"}],"version-history":[{"count":0,"href":"https:\/\/www.france-webdesign.com\/sv\/wp-json\/wp\/v2\/posts\/1817\/revisions"}],"wp:featuredmedia":[{"embeddable":true,"href":"https:\/\/www.france-webdesign.com\/sv\/wp-json\/wp\/v2\/media\/1819"}],"wp:attachment":[{"href":"https:\/\/www.france-webdesign.com\/sv\/wp-json\/wp\/v2\/media?parent=1817"}],"wp:term":[{"taxonomy":"category","embeddable":true,"href":"https:\/\/www.france-webdesign.com\/sv\/wp-json\/wp\/v2\/categories?post=1817"},{"taxonomy":"post_tag","embeddable":true,"href":"https:\/\/www.france-webdesign.com\/sv\/wp-json\/wp\/v2\/tags?post=1817"}],"curies":[{"name":"wp","href":"https:\/\/api.w.org\/{rel}","templated":true}]}}