{"id":1931,"date":"2021-01-06T18:50:09","date_gmt":"2021-01-06T17:50:09","guid":{"rendered":"https:\/\/www.france-webdesign.com\/?p=1931"},"modified":"2021-01-10T10:58:05","modified_gmt":"2021-01-10T09:58:05","slug":"levolution-de-la-creation-web-dans-les-annees-2000","status":"publish","type":"post","link":"https:\/\/www.france-webdesign.com\/sv\/utveckling-av-webbdesign","title":{"rendered":"Webbdesignens utveckling"},"content":{"rendered":"<p>[et_pb_section fb_built=\u00a0\u00bb1&Prime; admin_label=\u00a0\u00bbAbout Us Section\u00a0\u00bb _builder_version=\u00a0\u00bb4.7.7&Prime; background_image=\u00a0\u00bbhttps:\/\/www.france-webdesign.com\/wp-content\/uploads\/2020\/09\/p1qyef1g0hu-scaled.jpg\u00a0\u00bb width=\u00a0\u00bb100%\u00a0\u00bb module_alignment=\u00a0\u00bbcenter\u00a0\u00bb custom_margin=\u00a0\u00bb|5%||5%\u00a0\u00bb custom_margin_tablet=\u00a0\u00bb\u00a0\u00bb custom_margin_phone=\u00a0\u00bb|0px||0px\u00a0\u00bb custom_margin_last_edited=\u00a0\u00bbon|phone\u00a0\u00bb custom_padding=\u00a0\u00bb10%|||\u00a0\u00bb animation_style=\u00a0\u00bbzoom\u00a0\u00bb animation_direction=\u00a0\u00bbtop\u00a0\u00bb animation_intensity_zoom=\u00a0\u00bb5%\u00a0\u00bb box_shadow_style=\u00a0\u00bbpreset7&Prime; box_shadow_horizontal=\u00a0\u00bb0px\u00a0\u00bb box_shadow_vertical=\u00a0\u00bb-200px\u00a0\u00bb box_shadow_color=\u00a0\u00bb#ffffff\u00a0\u00bb][et_pb_row column_structure=\u00a0\u00bb2_3,1_3&Prime; admin_label=\u00a0\u00bbAbout Us Area\u00a0\u00bb _builder_version=\u00a0\u00bb3.25&Prime; background_size=\u00a0\u00bbinitial\u00a0\u00bb background_position=\u00a0\u00bbtop_left\u00a0\u00bb background_repeat=\u00a0\u00bbrepeat\u00a0\u00bb custom_padding=\u00a0\u00bb90px|0px|0px|0px|false|false\u00a0\u00bb][et_pb_column type=\u00a0\u00bb2_3&Prime; _builder_version=\u00a0\u00bb3.25&Prime; custom_padding=\u00a0\u00bb|||\u00a0\u00bb custom_padding__hover=\u00a0\u00bb|||\u00a0\u00bb][et_pb_text admin_label=\u00a0\u00bbTitle\u00a0\u00bb _builder_version=\u00a0\u00bb4.7.7&Prime; text_font=\u00a0\u00bbMontserrat||||||||\u00a0\u00bb text_text_color=\u00a0\u00bb#747d88&Prime; text_font_size=\u00a0\u00bb16px\u00a0\u00bb text_line_height=\u00a0\u00bb1.9em\u00a0\u00bb header_font=\u00a0\u00bb||||||||\u00a0\u00bb header_text_align=\u00a0\u00bbleft\u00a0\u00bb header_2_font=\u00a0\u00bbMontserrat|700||on|||||\u00a0\u00bb header_2_font_size=\u00a0\u00bb42px\u00a0\u00bb header_2_line_height=\u00a0\u00bb1.3em\u00a0\u00bb background_color=\u00a0\u00bb#f7f7f7&Prime; background_size=\u00a0\u00bbinitial\u00a0\u00bb background_position=\u00a0\u00bbtop_left\u00a0\u00bb background_repeat=\u00a0\u00bbrepeat\u00a0\u00bb max_width=\u00a0\u00bb700px\u00a0\u00bb module_alignment=\u00a0\u00bbleft\u00a0\u00bb custom_margin=\u00a0\u00bb|||\u00a0\u00bb custom_padding=\u00a0\u00bb6.2%|6%|6.2%|6%|true|true\u00a0\u00bb animation_style=\u00a0\u00bbslide\u00a0\u00bb animation_direction=\u00a0\u00bbbottom\u00a0\u00bb animation_intensity_slide=\u00a0\u00bb4%\u00a0\u00bb animation_starting_opacity=\u00a0\u00bb100%\u00a0\u00bb header_font_size_tablet=\u00a0\u00bb\u00a0\u00bb header_font_size_phone=\u00a0\u00bb27px\u00a0\u00bb header_font_size_last_edited=\u00a0\u00bbon|phone\u00a0\u00bb box_shadow_style=\u00a0\u00bbpreset1&Prime; box_shadow_vertical=\u00a0\u00bb15px\u00a0\u00bb box_shadow_blur=\u00a0\u00bb45px\u00a0\u00bb box_shadow_color=\u00a0\u00bbrgba(0,0,0,0.15)\u00a0\u00bb locked=\u00a0\u00bboff\u00a0\u00bb]<\/p>\n<h1>Webbdesignens utveckling \u2013 1990 \u2013 2020<\/h1>\n<p>&nbsp;<\/p>\n<p>France Web-Design hj\u00e4lper f\u00f6retag och yrkesverksamma i Frankrike att utveckla sin synlighet online genom skapande av webbplatser och skr\u00e4ddarsydd digital kommunikation f\u00f6r sm\u00e5 och medelstora f\u00f6retag<\/p>\n<p>[\/et_pb_text][\/et_pb_column][et_pb_column type=\u00a0\u00bb1_3&Prime; _builder_version=\u00a0\u00bb3.25&Prime; custom_padding=\u00a0\u00bb|||\u00a0\u00bb custom_padding__hover=\u00a0\u00bb|||\u00a0\u00bb][\/et_pb_column][\/et_pb_row][\/et_pb_section][et_pb_section fb_built=\u00a0\u00bb1&Prime; _builder_version=\u00a0\u00bb4.6.5&Prime; background_color=\u00a0\u00bb#ffffff\u00a0\u00bb background_image=\u00a0\u00bbhttps:\/\/www.france-webdesign.com\/wp-content\/uploads\/2020\/09\/mpn7xjkq_ns-scaled.jpg\u00a0\u00bb parallax=\u00a0\u00bbon\u00a0\u00bb background_enable_video_mp4=\u00a0\u00bboff\u00a0\u00bb z_index=\u00a0\u00bb43&Prime; custom_padding=\u00a0\u00bb23px|0px|36px|0px||\u00a0\u00bb custom_css_before=\u00a0\u00bbcontent:%22%22;|| display: block;|| position: absolute;|| top: 0;|| left: 0;|| width: 100%;|| height: 100%;|| background-color: rgba(255,255,255,.9);|| z-index: 1;\u00a0\u00bb][et_pb_row admin_label=\u00a0\u00bbSkill\u00a0\u00bb _builder_version=\u00a0\u00bb3.25&Prime; custom_margin=\u00a0\u00bb31px|auto|-15px|auto||\u00a0\u00bb custom_padding=\u00a0\u00bb20px||10px|\u00a0\u00bb][et_pb_column type=\u00a0\u00bb4_4&Prime; _builder_version=\u00a0\u00bb3.25&Prime; custom_padding=\u00a0\u00bb|||\u00a0\u00bb custom_padding__hover=\u00a0\u00bb|||\u00a0\u00bb][et_pb_text _builder_version=\u00a0\u00bb4.7.7&Prime; text_font=\u00a0\u00bbMontserrat||||\u00a0\u00bb text_text_color=\u00a0\u00bb#747d88&Prime; text_font_size=\u00a0\u00bb16px\u00a0\u00bb text_line_height=\u00a0\u00bb1.8em\u00a0\u00bb custom_margin=\u00a0\u00bb||2px|||\u00a0\u00bb custom_padding=\u00a0\u00bb||20px|\u00a0\u00bb animation_style=\u00a0\u00bbflip\u00a0\u00bb animation_intensity_flip=\u00a0\u00bb20%\u00a0\u00bb hover_enabled=\u00a0\u00bb0&Prime; sticky_enabled=\u00a0\u00bb0&Prime;]<\/p>\n<p><em>\u00ab Den nuvarande arkitekturen f\u00f6r webbdesign \u00e4r en \u00e5terspegling av webbens plats i den digitala eran.<\/em><\/p>\n<p>Webbdesign \u2013 webbskapande har idag ingenting att g\u00f6ra med vad den var i sina b\u00f6rjan, i slutet av 1990-talet. Ett paradigmskifte skedde vid sekelskiftet, och \u00e4ven om vissa s\u00e5g detta som en positiv utveckling av webbdesign, beklagade andra f\u00f6rsvinnandet av klassiska former som l\u00e5ngformat inneh\u00e5ll och skapandet av \u201dhandgjorda\u201d webbplatser \u00bb.<\/p>\n<h2>En m\u00e4rkbar \u00f6verg\u00e5ng<\/h2>\n<p>Den st\u00f6rsta f\u00f6r\u00e4ndringen var f\u00f6rmodligen framv\u00e4xten av JavaScript. Eftersom HTML och CSS ursprungligen skrevs i b\u00f6rjan av 1990-talet, ledde erfarenheten av anv\u00e4ndning och tillg\u00e5ngen till de verktyg som fanns tillg\u00e4ngliga d\u00e5 till att dessa till stor del anpassades till Microsofts Windows-operativsystem. Under 2000-talet, qlors att webbens framv\u00e4xt gjorde det m\u00f6jligt f\u00f6r utvecklare att f\u00e5 tillg\u00e5ng till rika teknologier f\u00f6r att producera mer smidiga och intuitiva webbplatser, v\u00e4nde sig designers i allt h\u00f6gre grad mot anv\u00e4ndarupplevelsen: UX \/ UI design . F\u00f6r att uppn\u00e5 en design som kan anv\u00e4ndas p\u00e5 flera enheter, med sm\u00e5 sk\u00e4rmar och l\u00e4gre internethastigheter, anammade utvecklare allt mer funktionella webbdesignmetoder som bygger p\u00e5 JavaScript- och AJAX-tekniker f\u00f6r att h\u00e4mta relevant data och visa den p\u00e5 ett anv\u00e4ndarv\u00e4nligt s\u00e4tt.<\/p>\n<h2>Javascript och Ajax<\/h2>\n<p>JavaScript, AJAX samt deras associerade tekniker har antagits och integrerats i designprocessen, och upplevelsen av att surfa p\u00e5 webben har f\u00f6r\u00e4ndrats radikalt: sidor kunde nu reagera \u201dintelligent\u201d p\u00e5 anv\u00e4ndarens handling vid klick, hovring eller till och med n\u00e4r musen n\u00e4rmade sig ett element!<\/p>\n<p>Fr\u00e5n en design som fr\u00e5n b\u00f6rjan var relativt statisk uppmuntrades webbkreat\u00f6rer, tack vare JavaScripts ankomst, att inf\u00f6rliva interaktiva element s\u00e5som glidande navigeringsf\u00e4lt och \/ eller snabbmenyer f\u00f6r att ge anv\u00e4ndare snabb \u00e5tkomst till den information de \u00f6nskade.<\/p>\n<h2>V\u00e4ndpunkten vid 1900-talets slut<\/h2>\n<p>Ett nytt koncept b\u00f6rjade sl\u00e5 rot i b\u00f6rjan av 2000-talet: produktionen av sidor kunde kr\u00e4va inte bara tekniska f\u00e4rdigheter, utan ocks\u00e5 erfarenhet av grafisk design. Sedan slutet av 1990-talet har CSS2 spridits, vilket m\u00f6jliggjorde den grundl\u00e4ggande principen om separation mellan \u201dutseende\u201d och \u201dinneh\u00e5ll\u201d. Sidformgivare fick d\u00e4rmed en mycket st\u00f6rre kontroll \u00f6ver placeringen och utseendet p\u00e5 varje element.<\/p>\n<p>Webbkreat\u00f6rer ins\u00e5g till slut att f\u00f6r mycket inneh\u00e5ll p\u00e5 en sida eller f\u00f6r mycket text i ett oavbrutet block \u00e4r en b\u00f6rda f\u00f6r l\u00e4saren. De b\u00f6rjade dela upp inneh\u00e5llet p\u00e5 flera sidor, med navigeringsmenyer och tabeller. Landningssidan blev allt viktigare, ofta p\u00e5 bekostnad av inneh\u00e5llet som d\u00e4rigenom minskade, men till f\u00f6rdel f\u00f6r en smidigare anv\u00e4ndarupplevelse.<\/p>\n<p>Den st\u00f6rre tillg\u00e5ngen till snabba uppkopplingar, sk\u00e4rmar med h\u00f6gre uppl\u00f6sning och snabbare datorer har skapat (och skapar fortfarande!) nya m\u00f6jligheter f\u00f6r webbdesigners. Intresset f\u00f6r animationer och adaptiv grafik blev ett exempel p\u00e5 detta.\u00a0<\/p>\n<p>&nbsp;<\/p>\n<p>[\/et_pb_text][\/et_pb_column][\/et_pb_row][\/et_pb_section][et_pb_section fb_built=\u00a0\u00bb1&Prime; admin_label=\u00a0\u00bbServices\u00a0\u00bb _builder_version=\u00a0\u00bb4.6.5&Prime; background_color=\u00a0\u00bbrgba(255,255,255,0.9)\u00a0\u00bb background_enable_image=\u00a0\u00bboff\u00a0\u00bb background_blend=\u00a0\u00bboverlay\u00a0\u00bb custom_padding=\u00a0\u00bb60px||36px||false|false\u00a0\u00bb][et_pb_row _builder_version=\u00a0\u00bb3.25&Prime; background_size=\u00a0\u00bbinitial\u00a0\u00bb background_position=\u00a0\u00bbtop_left\u00a0\u00bb background_repeat=\u00a0\u00bbrepeat\u00a0\u00bb custom_padding=\u00a0\u00bb0||||false|false\u00a0\u00bb][et_pb_column type=\u00a0\u00bb4_4&Prime; _builder_version=\u00a0\u00bb3.25&Prime; background_position=\u00a0\u00bbtop_left\u00a0\u00bb custom_padding=\u00a0\u00bb|||\u00a0\u00bb custom_padding__hover=\u00a0\u00bb|||\u00a0\u00bb][et_pb_text admin_label=\u00a0\u00bbTitle\u00a0\u00bb _builder_version=\u00a0\u00bb4.6.5&Prime; text_font=\u00a0\u00bbRaleway||||||||\u00a0\u00bb text_font_size=\u00a0\u00bb16px\u00a0\u00bb text_line_height=\u00a0\u00bb1.8em\u00a0\u00bb header_font=\u00a0\u00bb||||||||\u00a0\u00bb header_2_font=\u00a0\u00bbMontserrat|700|||||||\u00a0\u00bb header_2_font_size=\u00a0\u00bb32px\u00a0\u00bb header_2_line_height=\u00a0\u00bb1.4em\u00a0\u00bb text_orientation=\u00a0\u00bbcenter\u00a0\u00bb module_alignment=\u00a0\u00bbcenter\u00a0\u00bb custom_margin=\u00a0\u00bb|||\u00a0\u00bb]<\/p>\n<h2 class=\"\">Vi f\u00f6ljer ditt webbprojekt fr\u00e5n A till \u00d6<\/h2>\n<p>France Web-Design st\u00f6ttar dig i alla aspekter av din SMEs onlinekommunikation<\/p>\n<p>[\/et_pb_text][\/et_pb_column][\/et_pb_row][et_pb_row column_structure=\u00a0\u00bb1_3,1_3,1_3&Prime; _builder_version=\u00a0\u00bb3.25&Prime; background_size=\u00a0\u00bbinitial\u00a0\u00bb background_position=\u00a0\u00bbtop_left\u00a0\u00bb background_repeat=\u00a0\u00bbrepeat\u00a0\u00bb custom_padding=\u00a0\u00bb0||||false|false\u00a0\u00bb][et_pb_column type=\u00a0\u00bb1_3&Prime; _builder_version=\u00a0\u00bb3.25&Prime; background_position=\u00a0\u00bbtop_left\u00a0\u00bb custom_padding=\u00a0\u00bb|||\u00a0\u00bb custom_padding__hover=\u00a0\u00bb|||\u00a0\u00bb][et_pb_blurb title=\u00a0\u00bbDes conseils sp\u00e9cifiques\u00a0\u00bb url=\u00a0\u00bb#\u00a0\u00bb use_icon=\u00a0\u00bbon\u00a0\u00bb font_icon=\u00a0\u00bb%%101%%\u00a0\u00bb use_icon_font_size=\u00a0\u00bbon\u00a0\u00bb icon_font_size=\u00a0\u00bb60px\u00a0\u00bb admin_label=\u00a0\u00bbService 01&Prime; _builder_version=\u00a0\u00bb4.6.5&Prime; header_font=\u00a0\u00bbMontserrat||||\u00a0\u00bb header_text_color=\u00a0\u00bb#1f1f1f\u00a0\u00bb header_font_size=\u00a0\u00bb22px\u00a0\u00bb header_line_height=\u00a0\u00bb1.8em\u00a0\u00bb body_font_size=\u00a0\u00bb16px\u00a0\u00bb body_line_height=\u00a0\u00bb1.9em\u00a0\u00bb background_size=\u00a0\u00bbinitial\u00a0\u00bb background_position=\u00a0\u00bbtop_left\u00a0\u00bb background_repeat=\u00a0\u00bbrepeat\u00a0\u00bb text_orientation=\u00a0\u00bbcenter\u00a0\u00bb animation_style=\u00a0\u00bbfold\u00a0\u00bb animation_direction=\u00a0\u00bbbottom\u00a0\u00bb animation_intensity_fold=\u00a0\u00bb30%\u00a0\u00bb]<\/p>\n<p>Vi ger dig r\u00e5d genom hela v\u00e5rt samarbete om b\u00e4sta praxis f\u00f6r att optimera webbplatsen f\u00f6r din SME p\u00e5 b\u00e4sta s\u00e4tt<\/p>\n<p>[\/et_pb_blurb][\/et_pb_column][et_pb_column type=\u00a0\u00bb1_3&Prime; _builder_version=\u00a0\u00bb3.25&Prime; background_position=\u00a0\u00bbtop_left\u00a0\u00bb custom_padding=\u00a0\u00bb|||\u00a0\u00bb custom_padding__hover=\u00a0\u00bb|||\u00a0\u00bb][et_pb_blurb title=\u00a0\u00bb100% S\u00e9curis\u00e9 \u00a0\u00bb url=\u00a0\u00bb#\u00a0\u00bb use_icon=\u00a0\u00bbon\u00a0\u00bb font_icon=\u00a0\u00bb%%93%%\u00a0\u00bb use_icon_font_size=\u00a0\u00bbon\u00a0\u00bb icon_font_size=\u00a0\u00bb60px\u00a0\u00bb admin_label=\u00a0\u00bbService 03&Prime; _builder_version=\u00a0\u00bb4.6.5&Prime; header_font=\u00a0\u00bbMontserrat||||\u00a0\u00bb header_text_color=\u00a0\u00bb#1f1f1f\u00a0\u00bb header_font_size=\u00a0\u00bb22px\u00a0\u00bb header_line_height=\u00a0\u00bb1.8em\u00a0\u00bb body_font_size=\u00a0\u00bb16px\u00a0\u00bb body_line_height=\u00a0\u00bb1.9em\u00a0\u00bb background_color=\u00a0\u00bbrgba(255,255,255,0)\u00a0\u00bb background_size=\u00a0\u00bbinitial\u00a0\u00bb background_position=\u00a0\u00bbtop_left\u00a0\u00bb background_repeat=\u00a0\u00bbrepeat\u00a0\u00bb text_orientation=\u00a0\u00bbcenter\u00a0\u00bb animation_style=\u00a0\u00bbfold\u00a0\u00bb animation_direction=\u00a0\u00bbbottom\u00a0\u00bb animation_delay=\u00a0\u00bb300ms\u00a0\u00bb animation_intensity_fold=\u00a0\u00bb30%\u00a0\u00bb]<\/p>\n<p>Din f\u00f6retagswebbplats \u00e4r skyddad tack vare SSL-\/HTTPS-protokollet och regelbundet underh\u00e5ll av webbplatsen, samt uppdatering av modulerna<\/p>\n<p>[\/et_pb_blurb][\/et_pb_column][et_pb_column type=\u00a0\u00bb1_3&Prime; _builder_version=\u00a0\u00bb3.25&Prime; background_position=\u00a0\u00bbtop_left\u00a0\u00bb custom_padding=\u00a0\u00bb|||\u00a0\u00bb custom_padding__hover=\u00a0\u00bb|||\u00a0\u00bb][et_pb_blurb title=\u00a0\u00bbUne forte visibilit\u00e9\u00a0\u00bb url=\u00a0\u00bb#\u00a0\u00bb use_icon=\u00a0\u00bbon\u00a0\u00bb font_icon=\u00a0\u00bb%%134%%\u00a0\u00bb use_icon_font_size=\u00a0\u00bbon\u00a0\u00bb icon_font_size=\u00a0\u00bb60px\u00a0\u00bb admin_label=\u00a0\u00bbService 02&Prime; _builder_version=\u00a0\u00bb4.6.5&Prime; header_font=\u00a0\u00bbMontserrat||||\u00a0\u00bb header_text_color=\u00a0\u00bb#1f1f1f\u00a0\u00bb header_font_size=\u00a0\u00bb22px\u00a0\u00bb header_line_height=\u00a0\u00bb1.8em\u00a0\u00bb body_font_size=\u00a0\u00bb16px\u00a0\u00bb body_line_height=\u00a0\u00bb1.9em\u00a0\u00bb background_size=\u00a0\u00bbinitial\u00a0\u00bb background_position=\u00a0\u00bbtop_left\u00a0\u00bb background_repeat=\u00a0\u00bbrepeat\u00a0\u00bb text_orientation=\u00a0\u00bbcenter\u00a0\u00bb animation_style=\u00a0\u00bbfold\u00a0\u00bb animation_direction=\u00a0\u00bbbottom\u00a0\u00bb animation_delay=\u00a0\u00bb100ms\u00a0\u00bb animation_intensity_fold=\u00a0\u00bb30%\u00a0\u00bb]Vous profitez d&rsquo;un forte visibilit\u00e9 gr\u00e2ce \u00e0 la cr\u00e9ation de contenus uniques et optimis\u00e9s pour votre secteur, ainsi que par l&rsquo;ajout de traductions professionnelles.<br \/>\n[\/et_pb_blurb][\/et_pb_column][\/et_pb_row][\/et_pb_section][et_pb_section fb_built=\u00a0\u00bb1&Prime; disabled_on=\u00a0\u00bboff|off|off\u00a0\u00bb admin_label=\u00a0\u00bbTestimonials\u00a0\u00bb _builder_version=\u00a0\u00bb4.6.5&Prime; background_color=\u00a0\u00bbrgba(0,0,0,0.62)\u00a0\u00bb background_color_gradient_direction=\u00a0\u00bb95deg\u00a0\u00bb background_image=\u00a0\u00bbhttps:\/\/www.france-webdesign.com\/wp-content\/uploads\/2020\/09\/web-design-background-03.jpg\u00a0\u00bb background_blend=\u00a0\u00bboverlay\u00a0\u00bb custom_padding=\u00a0\u00bb36px||60px||false|false\u00a0\u00bb animation_style=\u00a0\u00bbfold\u00a0\u00bb animation_direction=\u00a0\u00bbbottom\u00a0\u00bb animation_intensity_fold=\u00a0\u00bb4%\u00a0\u00bb saved_tabs=\u00a0\u00bball\u00a0\u00bb][et_pb_row _builder_version=\u00a0\u00bb4.6.5&Prime; background_size=\u00a0\u00bbinitial\u00a0\u00bb background_position=\u00a0\u00bbtop_left\u00a0\u00bb background_repeat=\u00a0\u00bbrepeat\u00a0\u00bb custom_padding=\u00a0\u00bb||0px|||\u00a0\u00bb custom_width_px=\u00a0\u00bb710px\u00a0\u00bb locked=\u00a0\u00bboff\u00a0\u00bb][et_pb_column type=\u00a0\u00bb4_4&Prime; _builder_version=\u00a0\u00bb3.25&Prime; background_position=\u00a0\u00bbtop_left\u00a0\u00bb custom_padding=\u00a0\u00bb|||\u00a0\u00bb custom_padding__hover=\u00a0\u00bb|||\u00a0\u00bb][et_pb_text admin_label=\u00a0\u00bbTestimonials Section Title\u00a0\u00bb _builder_version=\u00a0\u00bb4.6.3&Prime; header_font=\u00a0\u00bbMontserrat||||\u00a0\u00bb header_font_size=\u00a0\u00bb36px\u00a0\u00bb background_size=\u00a0\u00bbinitial\u00a0\u00bb background_position=\u00a0\u00bbtop_left\u00a0\u00bb background_repeat=\u00a0\u00bbrepeat\u00a0\u00bb text_orientation=\u00a0\u00bbcenter\u00a0\u00bb background_layout=\u00a0\u00bbdark\u00a0\u00bb max_width=\u00a0\u00bb710px\u00a0\u00bb module_alignment=\u00a0\u00bbcenter\u00a0\u00bb custom_margin=\u00a0\u00bb||3px|||\u00a0\u00bb animation_style=\u00a0\u00bbfold\u00a0\u00bb animation_direction=\u00a0\u00bbbottom\u00a0\u00bb animation_intensity_fold=\u00a0\u00bb20%\u00a0\u00bb]<\/p>\n<h2>Vittnesm\u00e5l<\/h2>\n<p>[\/et_pb_text][et_pb_divider color=\u00a0\u00bb#ffffff\u00a0\u00bb divider_weight=\u00a0\u00bb3px\u00a0\u00bb disabled_on=\u00a0\u00bboff|off|off\u00a0\u00bb _builder_version=\u00a0\u00bb4.6.3&Prime; background_color_gradient_direction=\u00a0\u00bb90deg\u00a0\u00bb max_width=\u00a0\u00bb100px\u00a0\u00bb module_alignment=\u00a0\u00bbcenter\u00a0\u00bb height=\u00a0\u00bb5px\u00a0\u00bb custom_margin=\u00a0\u00bb||5px||false|false\u00a0\u00bb custom_padding=\u00a0\u00bb||20px|\u00a0\u00bb animation_style=\u00a0\u00bbslide\u00a0\u00bb animation_direction=\u00a0\u00bbbottom\u00a0\u00bb locked=\u00a0\u00bboff\u00a0\u00bb][\/et_pb_divider][\/et_pb_column][\/et_pb_row][et_pb_row column_structure=\u00a0\u00bb1_3,1_3,1_3&Prime; use_custom_gutter=\u00a0\u00bbon\u00a0\u00bb _builder_version=\u00a0\u00bb4.6.5&Prime; background_size=\u00a0\u00bbinitial\u00a0\u00bb background_position=\u00a0\u00bbtop_left\u00a0\u00bb background_repeat=\u00a0\u00bbrepeat\u00a0\u00bb width=\u00a0\u00bb84%\u00a0\u00bb max_width=\u00a0\u00bb2560px\u00a0\u00bb custom_padding=\u00a0\u00bb0px|||||\u00a0\u00bb][et_pb_column type=\u00a0\u00bb1_3&Prime; _builder_version=\u00a0\u00bb3.25&Prime; custom_padding=\u00a0\u00bb|||\u00a0\u00bb custom_padding__hover=\u00a0\u00bb|||\u00a0\u00bb][et_pb_testimonial author=\u00a0\u00bbMairie de Sainte Marguerite sur Mer &#8211; 2018&Prime; job_title=\u00a0\u00bbMarie &#8211; commune &#8211; collectivit\u00e9\u00a0\u00bb portrait_url=\u00a0\u00bbhttps:\/\/www.france-webdesign.com\/wp-content\/uploads\/2020\/12\/REWORDKED-Blason_Sainte-Marguerite-sur-Mer.svg_.png\u00a0\u00bb quote_icon=\u00a0\u00bboff\u00a0\u00bb admin_label=\u00a0\u00bbTestimonial 01&Prime; _builder_version=\u00a0\u00bb4.6.5&Prime; body_font=\u00a0\u00bb||||\u00a0\u00bb body_font_size=\u00a0\u00bb16px\u00a0\u00bb use_background_color=\u00a0\u00bboff\u00a0\u00bb background_size=\u00a0\u00bbinitial\u00a0\u00bb background_position=\u00a0\u00bbtop_left\u00a0\u00bb background_repeat=\u00a0\u00bbrepeat\u00a0\u00bb background_layout=\u00a0\u00bbdark\u00a0\u00bb animation_style=\u00a0\u00bbfold\u00a0\u00bb animation_direction=\u00a0\u00bbleft\u00a0\u00bb animation_intensity_fold=\u00a0\u00bb20%\u00a0\u00bb locked=\u00a0\u00bboff\u00a0\u00bb]<em>\u00ab Webbplatsen uppfyllde kravspecifikationen, bra pris \u00bb<\/em><\/p>\n<p>Uppt\u00e4ck webbplatsen: <a href=\"https:\/\/www.ste-marguerite-sur-mer.fr\/\" target=\"_blank\" rel=\"noopener noreferrer\">Ste Marguerite-sur-Mer kommunhus<\/a>\u00a0&#8211; <strong>skapad med\u00a0 France Web-Design<\/strong><br \/>\n[\/et_pb_testimonial][\/et_pb_column][et_pb_column type=\u00a0\u00bb1_3&Prime; _builder_version=\u00a0\u00bb3.25&Prime; custom_padding=\u00a0\u00bb|||\u00a0\u00bb custom_padding__hover=\u00a0\u00bb|||\u00a0\u00bb][et_pb_testimonial author=\u00a0\u00bbKarla Bernat\u00a0\u00bb job_title=\u00a0\u00bbprofession lib\u00e9rale\u00a0\u00bb portrait_url=\u00a0\u00bbhttps:\/\/www.france-webdesign.com\/wp-content\/uploads\/2019\/01\/karla-bernat-1.jpg\u00a0\u00bb quote_icon=\u00a0\u00bboff\u00a0\u00bb admin_label=\u00a0\u00bbTestimonial 01&Prime; _builder_version=\u00a0\u00bb4.6.5&Prime; body_font=\u00a0\u00bb||||\u00a0\u00bb body_font_size=\u00a0\u00bb16px\u00a0\u00bb use_background_color=\u00a0\u00bboff\u00a0\u00bb background_size=\u00a0\u00bbinitial\u00a0\u00bb background_position=\u00a0\u00bbtop_left\u00a0\u00bb background_repeat=\u00a0\u00bbrepeat\u00a0\u00bb background_layout=\u00a0\u00bbdark\u00a0\u00bb custom_margin=\u00a0\u00bb||-16px||false|false\u00a0\u00bb custom_padding=\u00a0\u00bb||0px||false|false\u00a0\u00bb animation_style=\u00a0\u00bbfold\u00a0\u00bb animation_direction=\u00a0\u00bbright\u00a0\u00bb animation_intensity_fold=\u00a0\u00bb20%\u00a0\u00bb]\u00a0\u00bb<em>Att arbeta med France Web-Design har varit en fullst\u00e4ndig tillfredsst\u00e4llelse. Den webbplats vi har skapat \u00f6vertr\u00e4ffar verkligen mina f\u00f6rv\u00e4ntningar.<\/em><\/p>\n<p>Uppt\u00e4ck hans webbplats: <a href=\"https:\/\/www.karla-bernat.com\/\">Fransk psykolog i Berlin<\/a>\u00a0 &#8211; <strong>skapad med France Web-Design<\/strong>[\/et_pb_testimonial][\/et_pb_column][et_pb_column type=\u00a0\u00bb1_3&Prime; _builder_version=\u00a0\u00bb3.25&Prime; custom_padding=\u00a0\u00bb|||\u00a0\u00bb custom_padding__hover=\u00a0\u00bb|||\u00a0\u00bb][et_pb_testimonial author=\u00a0\u00bbM. Yu\u00a0\u00bb job_title=\u00a0\u00bbEntrepreneur\u00a0\u00bb portrait_url=\u00a0\u00bbhttps:\/\/www.france-webdesign.com\/wp-content\/uploads\/2020\/09\/portraits-circle-small_6.png\u00a0\u00bb quote_icon=\u00a0\u00bboff\u00a0\u00bb admin_label=\u00a0\u00bbTestimonial 01&Prime; _builder_version=\u00a0\u00bb4.6.3&Prime; body_font=\u00a0\u00bb||||\u00a0\u00bb body_font_size=\u00a0\u00bb16px\u00a0\u00bb use_background_color=\u00a0\u00bboff\u00a0\u00bb background_size=\u00a0\u00bbinitial\u00a0\u00bb background_position=\u00a0\u00bbtop_left\u00a0\u00bb background_repeat=\u00a0\u00bbrepeat\u00a0\u00bb background_layout=\u00a0\u00bbdark\u00a0\u00bb animation_style=\u00a0\u00bbfold\u00a0\u00bb animation_direction=\u00a0\u00bbleft\u00a0\u00bb animation_intensity_fold=\u00a0\u00bb20%\u00a0\u00bb locked=\u00a0\u00bboff\u00a0\u00bb]<em>\"Ett professionellt arbetss\u00e4tt och ett v\u00e4l utf\u00f6rt arbete.\"<\/em><\/p>\n<p>Uppt\u00e4ck dess webbplats:\u00a0<a href=\"https:\/\/www.fuji-ascenseurs.com\/\" target=\"_blank\" rel=\"noopener noreferrer\">Fuji hissar<\/a>\u00a0&#8211; <strong>skapad med France Web-Design<\/strong><br \/>\n[\/et_pb_testimonial][\/et_pb_column][\/et_pb_row][\/et_pb_section][et_pb_section fb_built=\u00a0\u00bb1&Prime; module_id=\u00a0\u00bbcoverflow-carousel\u00a0\u00bb _builder_version=\u00a0\u00bb4.6.3&Prime; background_color=\u00a0\u00bbrgba(255,255,255,0.93)\u00a0\u00bb background_image=\u00a0\u00bbhttps:\/\/www.france-webdesign.com\/wp-content\/uploads\/2020\/09\/iusj25iyu1c-scaled.jpg\u00a0\u00bb background_blend=\u00a0\u00bboverlay\u00a0\u00bb custom_padding=\u00a0\u00bb21px||21px||true|false\u00a0\u00bb link_option_url_new_window=\u00a0\u00bbon\u00a0\u00bb global_module=\u00a0\u00bb1785&Prime; saved_tabs=\u00a0\u00bball\u00a0\u00bb][et_pb_row admin_label=\u00a0\u00bbService Section Title\u00a0\u00bb _builder_version=\u00a0\u00bb3.25&Prime; custom_margin=\u00a0\u00bb-22px|auto|-9px|auto||\u00a0\u00bb animation_style=\u00a0\u00bbfade\u00a0\u00bb animation_direction=\u00a0\u00bbtop\u00a0\u00bb][et_pb_column type=\u00a0\u00bb4_4&Prime; _builder_version=\u00a0\u00bb3.25&Prime; custom_padding=\u00a0\u00bb|||\u00a0\u00bb custom_padding__hover=\u00a0\u00bb|||\u00a0\u00bb][et_pb_text admin_label=\u00a0\u00bbTitle\u00a0\u00bb _builder_version=\u00a0\u00bb4.6.5&Prime; text_font=\u00a0\u00bbMontserrat||||||||\u00a0\u00bb text_text_color=\u00a0\u00bb#747d88&Prime; text_font_size=\u00a0\u00bb16px\u00a0\u00bb text_line_height=\u00a0\u00bb1.9em\u00a0\u00bb header_font=\u00a0\u00bb||||||||\u00a0\u00bb header_2_font=\u00a0\u00bbMontserrat|700||on|||||\u00a0\u00bb header_2_font_size=\u00a0\u00bb42px\u00a0\u00bb header_2_line_height=\u00a0\u00bb1.3em\u00a0\u00bb text_orientation=\u00a0\u00bbcenter\u00a0\u00bb max_width=\u00a0\u00bb700px\u00a0\u00bb module_alignment=\u00a0\u00bbcenter\u00a0\u00bb animation_style=\u00a0\u00bbslide\u00a0\u00bb animation_direction=\u00a0\u00bbbottom\u00a0\u00bb animation_intensity_slide=\u00a0\u00bb4%\u00a0\u00bb header_2_font_size_tablet=\u00a0\u00bb\u00a0\u00bb header_2_font_size_phone=\u00a0\u00bb32px\u00a0\u00bb header_2_font_size_last_edited=\u00a0\u00bbon|phone\u00a0\u00bb]<\/p>\n<h2>Nos derni\u00e8res cr\u00e9ations<\/h2>\n<p>[\/et_pb_text][et_pb_text admin_label=\u00a0\u00bbSubtitle\u00a0\u00bb _builder_version=\u00a0\u00bb4.6.3&Prime; text_font=\u00a0\u00bbMontserrat||||\u00a0\u00bb text_text_color=\u00a0\u00bb#747d88&Prime; text_font_size=\u00a0\u00bb16px\u00a0\u00bb text_line_height=\u00a0\u00bb1.8em\u00a0\u00bb header_font=\u00a0\u00bb||||||||\u00a0\u00bb text_orientation=\u00a0\u00bbcenter\u00a0\u00bb max_width=\u00a0\u00bb700px\u00a0\u00bb module_alignment=\u00a0\u00bbcenter\u00a0\u00bb custom_margin=\u00a0\u00bb-19px|||||\u00a0\u00bb animation_style=\u00a0\u00bbslide\u00a0\u00bb animation_direction=\u00a0\u00bbbottom\u00a0\u00bb animation_delay=\u00a0\u00bb100ms\u00a0\u00bb animation_intensity_slide=\u00a0\u00bb4%\u00a0\u00bb]<\/p>\n<p>Uppt\u00e4ck v\u00e5ra senaste webbkreationer f\u00f6r<br \/> <strong>entreprises, TPE &#8211; PME et professions lib\u00e9rales<\/strong>.<\/p>\n<p>[\/et_pb_text][\/et_pb_column][\/et_pb_row][et_pb_row module_class=\u00a0\u00bb et_pb_row_fullwidth\u00a0\u00bb _builder_version=\u00a0\u00bb3.25&Prime; width=\u00a0\u00bb89%\u00a0\u00bb width_tablet=\u00a0\u00bb80%\u00a0\u00bb width_phone=\u00a0\u00bb\u00a0\u00bb width_last_edited=\u00a0\u00bbon|desktop\u00a0\u00bb max_width=\u00a0\u00bb89%\u00a0\u00bb max_width_tablet=\u00a0\u00bb80%\u00a0\u00bb max_width_phone=\u00a0\u00bb\u00a0\u00bb max_width_last_edited=\u00a0\u00bbon|desktop\u00a0\u00bb make_fullwidth=\u00a0\u00bbon\u00a0\u00bb][et_pb_column type=\u00a0\u00bb4_4&Prime; _builder_version=\u00a0\u00bb3.25&Prime; custom_padding=\u00a0\u00bb|||\u00a0\u00bb custom_padding__hover=\u00a0\u00bb|||\u00a0\u00bb][dica_divi_carousel item_width_tablet=\u00a0\u00bb\u00a0\u00bb item_width_phone=\u00a0\u00bb415px\u00a0\u00bb item_width_last_edited=\u00a0\u00bbon|desktop\u00a0\u00bb centermode=\u00a0\u00bbon\u00a0\u00bb loop=\u00a0\u00bbon\u00a0\u00bb arrow_nav=\u00a0\u00bbon\u00a0\u00bb dot_nav=\u00a0\u00bbon\u00a0\u00bb advanced_effect=\u00a0\u00bbcoverflow\u00a0\u00bb coverflow_rotate=\u00a0\u00bb42&Prime; arrow_nav_color=\u00a0\u00bb#000000&Prime; image_force_fullwidth=\u00a0\u00bbon\u00a0\u00bb innercontent_padding=\u00a0\u00bb15px|0|39px|0|false|false\u00a0\u00bb module_id=\u00a0\u00bbportfolio\u00a0\u00bb _builder_version=\u00a0\u00bb4.6.5&Prime; title_font=\u00a0\u00bb||||||||\u00a0\u00bb title_text_color=\u00a0\u00bb#ffffff\u00a0\u00bb body_font=\u00a0\u00bb||||||||\u00a0\u00bb body_text_color=\u00a0\u00bb#1c1c1c\u00a0\u00bb][dica_divi_carouselitem title=\u00a0\u00bbPsychologue\u00a0\u00bb button_text=\u00a0\u00bbD\u00e9couvrir le site\u00a0\u00bb button_url=\u00a0\u00bb#\u00a0\u00bb button_url_new_window=\u00a0\u00bbon\u00a0\u00bb image=\u00a0\u00bbhttps:\/\/www.france-webdesign.com\/wp-content\/uploads\/2020\/09\/psychologue-berlin-1.jpg\u00a0\u00bb content_padding=\u00a0\u00bb25px|25px|25px|25px|true|true\u00a0\u00bb button_padding=\u00a0\u00bb|23px|||false|false\u00a0\u00bb _builder_version=\u00a0\u00bb4.6.5&Prime; header_level=\u00a0\u00bbh3&Prime; subtitle_text_color=\u00a0\u00bb#ffffff\u00a0\u00bb body_font=\u00a0\u00bb||||||||\u00a0\u00bb body_text_color=\u00a0\u00bb#ffffff\u00a0\u00bb background_color=\u00a0\u00bbrgba(172,185,202,0.99)\u00a0\u00bb background_enable_color=\u00a0\u00bbon\u00a0\u00bb background_enable_image=\u00a0\u00bboff\u00a0\u00bb custom_button=\u00a0\u00bbon\u00a0\u00bb button_text_size=\u00a0\u00bb13px\u00a0\u00bb button_text_color=\u00a0\u00bb#ACB9CA\u00a0\u00bb button_bg_color=\u00a0\u00bb#ffffff\u00a0\u00bb button_border_width=\u00a0\u00bb1px\u00a0\u00bb button_font=\u00a0\u00bb||||||||\u00a0\u00bb button_use_icon=\u00a0\u00bbon\u00a0\u00bb button_icon_color=\u00a0\u00bb#acb9ca\u00a0\u00bb button_on_hover=\u00a0\u00bboff\u00a0\u00bb button_alignment=\u00a0\u00bbright\u00a0\u00bb link_option_url=\u00a0\u00bbhttps:\/\/www.karla-bernat.com\/\u00a0\u00bb link_option_url_new_window=\u00a0\u00bbon\u00a0\u00bb box_shadow_style=\u00a0\u00bbpreset3&Prime; button_bg_color__hover_enabled=\u00a0\u00bbon|desktop\u00a0\u00bb button_bg_color__hover=\u00a0\u00bb#ACB9CA\u00a0\u00bb button_text_color__hover_enabled=\u00a0\u00bbon|desktop\u00a0\u00bb button_text_color__hover=\u00a0\u00bb#ffffff\u00a0\u00bb button_bg_enable_color__hover=\u00a0\u00bbon\u00a0\u00bb]Mme Bernat nous a confi\u00e9 la refonte de son site internet de profession lib\u00e9rale &#8211; psychologue, pour une mise en ligne courant 2020[\/dica_divi_carouselitem][dica_divi_carouselitem title=\u00a0\u00bbAgence Immobili\u00e8re\u00a0\u00bb button_text=\u00a0\u00bbD\u00e9couvrir le site\u00a0\u00bb button_url=\u00a0\u00bbhttps:\/\/saint-denis-immobilier.fr\/\u00a0\u00bb button_url_new_window=\u00a0\u00bbon\u00a0\u00bb image=\u00a0\u00bbhttps:\/\/www.france-webdesign.com\/wp-content\/uploads\/2020\/09\/creation-de-site-agence-immobiliere.jpg\u00a0\u00bb image_alt=\u00a0\u00bbcreation de site agence immobiliere\u00a0\u00bb content_padding=\u00a0\u00bb25px|25px|25px|25px|true|true\u00a0\u00bb button_padding=\u00a0\u00bb|23px|||false|false\u00a0\u00bb _builder_version=\u00a0\u00bb4.6.5&Prime; header_level=\u00a0\u00bbh3&Prime; subtitle_text_color=\u00a0\u00bb#ffffff\u00a0\u00bb body_font=\u00a0\u00bb||||||||\u00a0\u00bb body_text_color=\u00a0\u00bb#ffffff\u00a0\u00bb background_color=\u00a0\u00bbrgba(172,185,202,0.99)\u00a0\u00bb background_enable_color=\u00a0\u00bbon\u00a0\u00bb background_enable_image=\u00a0\u00bboff\u00a0\u00bb custom_button=\u00a0\u00bbon\u00a0\u00bb button_text_size=\u00a0\u00bb13px\u00a0\u00bb button_text_color=\u00a0\u00bb#ACB9CA\u00a0\u00bb button_bg_color=\u00a0\u00bb#ffffff\u00a0\u00bb button_border_width=\u00a0\u00bb1px\u00a0\u00bb button_font=\u00a0\u00bb||||||||\u00a0\u00bb button_use_icon=\u00a0\u00bbon\u00a0\u00bb button_icon_color=\u00a0\u00bb#acb9ca\u00a0\u00bb button_on_hover=\u00a0\u00bboff\u00a0\u00bb button_alignment=\u00a0\u00bbright\u00a0\u00bb link_option_url=\u00a0\u00bbhttps:\/\/saint-denis-immobilier.fr\/\u00a0\u00bb link_option_url_new_window=\u00a0\u00bbon\u00a0\u00bb box_shadow_style=\u00a0\u00bbpreset3&Prime; button_bg_color__hover_enabled=\u00a0\u00bbon|desktop\u00a0\u00bb button_bg_color__hover=\u00a0\u00bb#ACB9CA\u00a0\u00bb button_text_color__hover_enabled=\u00a0\u00bbon|desktop\u00a0\u00bb button_text_color__hover=\u00a0\u00bb#ffffff\u00a0\u00bb button_bg_enable_color__hover=\u00a0\u00bbon\u00a0\u00bb]<\/p>\n<p>Saint Denis Immobilier a fait appel \u00e0 nous pour la refonte de leur site internet comprenant beaucoup d&rsquo;imp\u00e9ratifs techniques<\/p>\n<p>[\/dica_divi_carouselitem][dica_divi_carouselitem title=\u00a0\u00bbDentiste\u00a0\u00bb url=\u00a0\u00bbhttps:\/\/www.medecin-dentiste.fr\/\u00a0\u00bb url_new_window=\u00a0\u00bbon\u00a0\u00bb button_text=\u00a0\u00bbD\u00e9couvrir le site\u00a0\u00bb button_url=\u00a0\u00bb#\u00a0\u00bb button_url_new_window=\u00a0\u00bbon\u00a0\u00bb image=\u00a0\u00bbhttps:\/\/www.france-webdesign.com\/wp-content\/uploads\/2020\/09\/creation-site-profession-liberale.jpg\u00a0\u00bb image_alt=\u00a0\u00bbcreation site dentiste\u00a0\u00bb content_padding=\u00a0\u00bb25px|25px|25px|25px|true|true\u00a0\u00bb button_padding=\u00a0\u00bb|23px|||false|false\u00a0\u00bb _builder_version=\u00a0\u00bb4.6.5&Prime; header_level=\u00a0\u00bbh3&Prime; subtitle_text_color=\u00a0\u00bb#ffffff\u00a0\u00bb body_font=\u00a0\u00bb||||||||\u00a0\u00bb body_text_color=\u00a0\u00bb#ffffff\u00a0\u00bb background_color=\u00a0\u00bbrgba(172,185,202,0.99)\u00a0\u00bb background_enable_color=\u00a0\u00bbon\u00a0\u00bb background_enable_image=\u00a0\u00bboff\u00a0\u00bb custom_button=\u00a0\u00bbon\u00a0\u00bb button_text_size=\u00a0\u00bb13px\u00a0\u00bb button_text_color=\u00a0\u00bb#ACB9CA\u00a0\u00bb button_bg_color=\u00a0\u00bb#ffffff\u00a0\u00bb button_border_width=\u00a0\u00bb1px\u00a0\u00bb button_font=\u00a0\u00bb||||||||\u00a0\u00bb button_use_icon=\u00a0\u00bbon\u00a0\u00bb button_icon_color=\u00a0\u00bb#acb9ca\u00a0\u00bb button_on_hover=\u00a0\u00bboff\u00a0\u00bb button_alignment=\u00a0\u00bbright\u00a0\u00bb link_option_url=\u00a0\u00bbhttps:\/\/www.medecin-dentiste.fr\/\u00a0\u00bb link_option_url_new_window=\u00a0\u00bbon\u00a0\u00bb box_shadow_style=\u00a0\u00bbpreset3&Prime; button_bg_color__hover_enabled=\u00a0\u00bbon|desktop\u00a0\u00bb button_bg_color__hover=\u00a0\u00bb#ACB9CA\u00a0\u00bb button_text_color__hover_enabled=\u00a0\u00bbon|desktop\u00a0\u00bb button_text_color__hover=\u00a0\u00bb#ffffff\u00a0\u00bb button_bg_enable_color__hover=\u00a0\u00bbon\u00a0\u00bb]Cr\u00e9ation d&rsquo;un site internet pour un cabinet de dentistes[\/dica_divi_carouselitem][dica_divi_carouselitem title=\u00a0\u00bbChambre d&rsquo;h\u00f4tes\u00a0\u00bb url=\u00a0\u00bbhttps:\/\/www.vendee-chambre-hote.fr\/\u00a0\u00bb url_new_window=\u00a0\u00bbon\u00a0\u00bb button_text=\u00a0\u00bbD\u00e9couvrir le site\u00a0\u00bb button_url=\u00a0\u00bb#\u00a0\u00bb button_url_new_window=\u00a0\u00bbon\u00a0\u00bb image=\u00a0\u00bbhttps:\/\/www.france-webdesign.com\/wp-content\/uploads\/2020\/09\/creation-site-chambre-hote.jpg\u00a0\u00bb image_alt=\u00a0\u00bbCr\u00e9ation site profession liberale\u00a0\u00bb content_padding=\u00a0\u00bb25px|25px|25px|25px|true|true\u00a0\u00bb button_padding=\u00a0\u00bb|23px|||false|false\u00a0\u00bb _builder_version=\u00a0\u00bb4.6.5&Prime; header_level=\u00a0\u00bbh3&Prime; subtitle_text_color=\u00a0\u00bb#ffffff\u00a0\u00bb body_font=\u00a0\u00bb||||||||\u00a0\u00bb body_text_color=\u00a0\u00bb#ffffff\u00a0\u00bb background_color=\u00a0\u00bbrgba(172,185,202,0.99)\u00a0\u00bb background_enable_color=\u00a0\u00bbon\u00a0\u00bb background_enable_image=\u00a0\u00bboff\u00a0\u00bb custom_button=\u00a0\u00bbon\u00a0\u00bb button_text_size=\u00a0\u00bb13px\u00a0\u00bb button_text_color=\u00a0\u00bb#ACB9CA\u00a0\u00bb button_bg_color=\u00a0\u00bb#ffffff\u00a0\u00bb button_border_width=\u00a0\u00bb1px\u00a0\u00bb button_font=\u00a0\u00bb||||||||\u00a0\u00bb button_use_icon=\u00a0\u00bbon\u00a0\u00bb button_icon_color=\u00a0\u00bb#acb9ca\u00a0\u00bb button_on_hover=\u00a0\u00bboff\u00a0\u00bb button_alignment=\u00a0\u00bbright\u00a0\u00bb link_option_url=\u00a0\u00bbhttps:\/\/www.location-normandie.net\/\u00a0\u00bb link_option_url_new_window=\u00a0\u00bbon\u00a0\u00bb box_shadow_style=\u00a0\u00bbpreset3&Prime; button_bg_color__hover_enabled=\u00a0\u00bbon|desktop\u00a0\u00bb button_bg_color__hover=\u00a0\u00bb#ACB9CA\u00a0\u00bb button_text_color__hover_enabled=\u00a0\u00bbon|desktop\u00a0\u00bb button_text_color__hover=\u00a0\u00bb#ffffff\u00a0\u00bb button_bg_enable_color__hover=\u00a0\u00bbon\u00a0\u00bb]<\/p>\n<p>Cr\u00e9ation d&rsquo;un site internet pour des chambres d&rsquo;h\u00f4tes en Normandie<\/p>\n<p>[\/dica_divi_carouselitem][dica_divi_carouselitem title=\u00a0\u00bbMairie \u00a0\u00bb url=\u00a0\u00bbhttps:\/\/www.ste-marguerite-sur-mer.fr\/\u00a0\u00bb url_new_window=\u00a0\u00bbon\u00a0\u00bb button_text=\u00a0\u00bbD\u00e9couvrir le site\u00a0\u00bb button_url=\u00a0\u00bb#\u00a0\u00bb button_url_new_window=\u00a0\u00bbon\u00a0\u00bb image=\u00a0\u00bbhttps:\/\/www.france-webdesign.com\/wp-content\/uploads\/2020\/09\/creaiton-site-mairie.jpg\u00a0\u00bb image_alt=\u00a0\u00bbcreation site mairie\u00a0\u00bb content_padding=\u00a0\u00bb25px|25px|25px|25px|true|true\u00a0\u00bb button_padding=\u00a0\u00bb|23px|||false|false\u00a0\u00bb _builder_version=\u00a0\u00bb4.6.5&Prime; header_level=\u00a0\u00bbh3&Prime; subtitle_text_color=\u00a0\u00bb#ffffff\u00a0\u00bb body_font=\u00a0\u00bb||||||||\u00a0\u00bb body_text_color=\u00a0\u00bb#ffffff\u00a0\u00bb background_color=\u00a0\u00bbrgba(172,185,202,0.99)\u00a0\u00bb background_enable_color=\u00a0\u00bbon\u00a0\u00bb background_enable_image=\u00a0\u00bboff\u00a0\u00bb custom_button=\u00a0\u00bbon\u00a0\u00bb button_text_size=\u00a0\u00bb13px\u00a0\u00bb button_text_color=\u00a0\u00bb#ACB9CA\u00a0\u00bb button_bg_color=\u00a0\u00bb#ffffff\u00a0\u00bb button_border_width=\u00a0\u00bb1px\u00a0\u00bb button_font=\u00a0\u00bb||||||||\u00a0\u00bb button_use_icon=\u00a0\u00bbon\u00a0\u00bb button_icon_color=\u00a0\u00bb#acb9ca\u00a0\u00bb button_on_hover=\u00a0\u00bboff\u00a0\u00bb button_alignment=\u00a0\u00bbright\u00a0\u00bb link_option_url=\u00a0\u00bbhttps:\/\/www.ste-marguerite-sur-mer.fr\/\u00a0\u00bb link_option_url_new_window=\u00a0\u00bbon\u00a0\u00bb box_shadow_style=\u00a0\u00bbpreset3&Prime; button_bg_color__hover_enabled=\u00a0\u00bbon|desktop\u00a0\u00bb button_bg_color__hover=\u00a0\u00bb#ACB9CA\u00a0\u00bb button_text_color__hover_enabled=\u00a0\u00bbon|desktop\u00a0\u00bb button_text_color__hover=\u00a0\u00bb#ffffff\u00a0\u00bb button_bg_enable_color__hover=\u00a0\u00bbon\u00a0\u00bb]Refonte du site internet d&rsquo;une mairie normande. Cr\u00e9ation video, photo et webcam live[\/dica_divi_carouselitem][dica_divi_carouselitem title=\u00a0\u00bbAgence\u00a0\u00bb url=\u00a0\u00bbhttps:\/\/www.ste-marguerite-sur-mer.fr\/\u00a0\u00bb url_new_window=\u00a0\u00bbon\u00a0\u00bb button_text=\u00a0\u00bbD\u00e9couvrir le site\u00a0\u00bb button_url=\u00a0\u00bb#\u00a0\u00bb button_url_new_window=\u00a0\u00bbon\u00a0\u00bb image=\u00a0\u00bbhttps:\/\/www.france-webdesign.com\/wp-content\/uploads\/2020\/09\/creation-site-agence.jpg\u00a0\u00bb image_alt=\u00a0\u00bbCr\u00e9ation site profession liberale\u00a0\u00bb content_padding=\u00a0\u00bb25px|25px|25px|25px|true|true\u00a0\u00bb button_padding=\u00a0\u00bb|23px|||false|false\u00a0\u00bb _builder_version=\u00a0\u00bb4.6.5&Prime; header_level=\u00a0\u00bbh3&Prime; subtitle_text_color=\u00a0\u00bb#ffffff\u00a0\u00bb body_font=\u00a0\u00bb||||||||\u00a0\u00bb body_text_color=\u00a0\u00bb#ffffff\u00a0\u00bb background_color=\u00a0\u00bbrgba(172,185,202,0.99)\u00a0\u00bb background_enable_color=\u00a0\u00bbon\u00a0\u00bb background_enable_image=\u00a0\u00bboff\u00a0\u00bb custom_button=\u00a0\u00bbon\u00a0\u00bb button_text_size=\u00a0\u00bb13px\u00a0\u00bb button_text_color=\u00a0\u00bb#ACB9CA\u00a0\u00bb button_bg_color=\u00a0\u00bb#ffffff\u00a0\u00bb button_border_width=\u00a0\u00bb1px\u00a0\u00bb button_font=\u00a0\u00bb||||||||\u00a0\u00bb button_use_icon=\u00a0\u00bbon\u00a0\u00bb button_icon_color=\u00a0\u00bb#acb9ca\u00a0\u00bb button_on_hover=\u00a0\u00bboff\u00a0\u00bb button_alignment=\u00a0\u00bbright\u00a0\u00bb link_option_url=\u00a0\u00bbhttp:\/\/www.racines.agency\/\u00a0\u00bb link_option_url_new_window=\u00a0\u00bbon\u00a0\u00bb box_shadow_style=\u00a0\u00bbpreset3&Prime; button_bg_color__hover_enabled=\u00a0\u00bbon|desktop\u00a0\u00bb button_bg_color__hover=\u00a0\u00bb#ACB9CA\u00a0\u00bb button_text_color__hover_enabled=\u00a0\u00bbon|desktop\u00a0\u00bb button_text_color__hover=\u00a0\u00bb#ffffff\u00a0\u00bb button_bg_enable_color__hover=\u00a0\u00bbon\u00a0\u00bb]Cr\u00e9ation d&rsquo;un site pour une agence communication, refonte charte graphique et logo[\/dica_divi_carouselitem][dica_divi_carouselitem title=\u00a0\u00bbInstallateur\u00a0\u00bb url=\u00a0\u00bbhttps:\/\/www.ste-marguerite-sur-mer.fr\/\u00a0\u00bb url_new_window=\u00a0\u00bbon\u00a0\u00bb button_text=\u00a0\u00bbD\u00e9couvrir le site\u00a0\u00bb button_url=\u00a0\u00bb#\u00a0\u00bb button_url_new_window=\u00a0\u00bbon\u00a0\u00bb image=\u00a0\u00bbhttps:\/\/www.france-webdesign.com\/wp-content\/uploads\/2020\/09\/creation-site-installateur-cuisine.jpg\u00a0\u00bb image_alt=\u00a0\u00bbcreation site installateur\u00a0\u00bb content_padding=\u00a0\u00bb25px|25px|25px|25px|true|true\u00a0\u00bb button_padding=\u00a0\u00bb|23px|||false|false\u00a0\u00bb _builder_version=\u00a0\u00bb4.6.5&Prime; header_level=\u00a0\u00bbh3&Prime; subtitle_text_color=\u00a0\u00bb#ffffff\u00a0\u00bb body_font=\u00a0\u00bb||||||||\u00a0\u00bb body_text_color=\u00a0\u00bb#ffffff\u00a0\u00bb background_color=\u00a0\u00bbrgba(172,185,202,0.99)\u00a0\u00bb background_enable_color=\u00a0\u00bbon\u00a0\u00bb background_enable_image=\u00a0\u00bboff\u00a0\u00bb custom_button=\u00a0\u00bbon\u00a0\u00bb button_text_size=\u00a0\u00bb13px\u00a0\u00bb button_text_color=\u00a0\u00bb#ACB9CA\u00a0\u00bb button_bg_color=\u00a0\u00bb#ffffff\u00a0\u00bb button_border_width=\u00a0\u00bb1px\u00a0\u00bb button_font=\u00a0\u00bb||||||||\u00a0\u00bb button_use_icon=\u00a0\u00bbon\u00a0\u00bb button_icon_color=\u00a0\u00bb#acb9ca\u00a0\u00bb button_on_hover=\u00a0\u00bboff\u00a0\u00bb button_alignment=\u00a0\u00bbright\u00a0\u00bb link_option_url=\u00a0\u00bbhttps:\/\/www.cuisinesxm.com\/\u00a0\u00bb link_option_url_new_window=\u00a0\u00bbon\u00a0\u00bb box_shadow_style=\u00a0\u00bbpreset3&Prime; button_bg_color__hover_enabled=\u00a0\u00bbon|desktop\u00a0\u00bb button_bg_color__hover=\u00a0\u00bb#ACB9CA\u00a0\u00bb button_text_color__hover_enabled=\u00a0\u00bbon|desktop\u00a0\u00bb button_text_color__hover=\u00a0\u00bb#ffffff\u00a0\u00bb button_bg_enable_color__hover=\u00a0\u00bbon\u00a0\u00bb]Cr\u00e9ation et mise en place du site d&rsquo;un installateur de cuisines. Int\u00e9gration du logo client[\/dica_divi_carouselitem][dica_divi_carouselitem title=\u00a0\u00bbImportateur\u00a0\u00bb url=\u00a0\u00bbhttps:\/\/www.fuji-ascenseurs.com\/\u00a0\u00bb url_new_window=\u00a0\u00bbon\u00a0\u00bb button_text=\u00a0\u00bbD\u00e9couvrir le site\u00a0\u00bb button_url=\u00a0\u00bb#\u00a0\u00bb button_url_new_window=\u00a0\u00bbon\u00a0\u00bb image=\u00a0\u00bbhttps:\/\/www.france-webdesign.com\/wp-content\/uploads\/2020\/09\/creation-site-importateur.jpg\u00a0\u00bb image_alt=\u00a0\u00bbcreation site importateur\u00a0\u00bb content_padding=\u00a0\u00bb25px|25px|25px|25px|true|true\u00a0\u00bb button_padding=\u00a0\u00bb|23px|||false|false\u00a0\u00bb _builder_version=\u00a0\u00bb4.6.5&Prime; header_level=\u00a0\u00bbh3&Prime; subtitle_text_color=\u00a0\u00bb#ffffff\u00a0\u00bb body_font=\u00a0\u00bb||||||||\u00a0\u00bb body_text_color=\u00a0\u00bb#ffffff\u00a0\u00bb background_color=\u00a0\u00bbrgba(172,185,202,0.99)\u00a0\u00bb background_enable_color=\u00a0\u00bbon\u00a0\u00bb background_enable_image=\u00a0\u00bboff\u00a0\u00bb custom_button=\u00a0\u00bbon\u00a0\u00bb button_text_size=\u00a0\u00bb13px\u00a0\u00bb button_text_color=\u00a0\u00bb#ACB9CA\u00a0\u00bb button_bg_color=\u00a0\u00bb#ffffff\u00a0\u00bb button_border_width=\u00a0\u00bb1px\u00a0\u00bb button_font=\u00a0\u00bb||||||||\u00a0\u00bb button_use_icon=\u00a0\u00bbon\u00a0\u00bb button_icon_color=\u00a0\u00bb#acb9ca\u00a0\u00bb button_on_hover=\u00a0\u00bboff\u00a0\u00bb button_alignment=\u00a0\u00bbright\u00a0\u00bb link_option_url=\u00a0\u00bbhttps:\/\/www.fuji-ascenseurs.com\/\u00a0\u00bb link_option_url_new_window=\u00a0\u00bbon\u00a0\u00bb box_shadow_style=\u00a0\u00bbpreset3&Prime; button_bg_color__hover_enabled=\u00a0\u00bbon|desktop\u00a0\u00bb button_bg_color__hover=\u00a0\u00bb#ACB9CA\u00a0\u00bb button_text_color__hover_enabled=\u00a0\u00bbon|desktop\u00a0\u00bb button_text_color__hover=\u00a0\u00bb#ffffff\u00a0\u00bb button_bg_enable_color__hover=\u00a0\u00bbon\u00a0\u00bb]Elaboration du site internet de FUJI ascenseurs: importateur \u00e0 Annecy[\/dica_divi_carouselitem][\/dica_divi_carousel][\/et_pb_column][\/et_pb_row][\/et_pb_section][et_pb_section fb_built=\u00a0\u00bb1&Prime; admin_label=\u00a0\u00bbButton Section\u00a0\u00bb _builder_version=\u00a0\u00bb3.22&Prime; background_color=\u00a0\u00bb#f7f7f7&Prime; custom_padding=\u00a0\u00bb0px||12px|||\u00a0\u00bb][\/et_pb_section][et_pb_section fb_built=\u00a0\u00bb1&Prime; admin_label=\u00a0\u00bbContact Form Section\u00a0\u00bb module_id=\u00a0\u00bbcontact\u00a0\u00bb _builder_version=\u00a0\u00bb4.6.5&Prime; background_color=\u00a0\u00bb#acb9ca\u00a0\u00bb background_image=\u00a0\u00bbhttps:\/\/www.france-webdesign.com\/wp-content\/uploads\/2020\/09\/section-background.jpg\u00a0\u00bb background_blend=\u00a0\u00bboverlay\u00a0\u00bb background_video_pause_outside_viewport=\u00a0\u00bboff\u00a0\u00bb custom_padding=\u00a0\u00bb17px||23px||false|false\u00a0\u00bb animation_style=\u00a0\u00bbzoom\u00a0\u00bb animation_direction=\u00a0\u00bbbottom\u00a0\u00bb animation_intensity_zoom=\u00a0\u00bb10%\u00a0\u00bb custom_css_main_element=\u00a0\u00bbbackground-attachment:fixed;\u00a0\u00bb global_module=\u00a0\u00bb1737&Prime; saved_tabs=\u00a0\u00bball\u00a0\u00bb][et_pb_row admin_label=\u00a0\u00bbService Section Title\u00a0\u00bb _builder_version=\u00a0\u00bb3.25&Prime; custom_margin=\u00a0\u00bb||40px|\u00a0\u00bb custom_padding=\u00a0\u00bb||0px|||\u00a0\u00bb animation_style=\u00a0\u00bbfade\u00a0\u00bb animation_direction=\u00a0\u00bbtop\u00a0\u00bb locked=\u00a0\u00bboff\u00a0\u00bb][et_pb_column type=\u00a0\u00bb4_4&Prime; _builder_version=\u00a0\u00bb3.25&Prime; custom_padding=\u00a0\u00bb|||\u00a0\u00bb custom_padding__hover=\u00a0\u00bb|||\u00a0\u00bb][et_pb_text admin_label=\u00a0\u00bbTitle\u00a0\u00bb _builder_version=\u00a0\u00bb4.6.5&Prime; text_font=\u00a0\u00bbMontserrat||||||||\u00a0\u00bb text_text_color=\u00a0\u00bb#747d88&Prime; text_font_size=\u00a0\u00bb16px\u00a0\u00bb text_line_height=\u00a0\u00bb1.9em\u00a0\u00bb header_font=\u00a0\u00bb||||||||\u00a0\u00bb header_2_font=\u00a0\u00bbMontserrat|700||on|||||\u00a0\u00bb header_2_font_size=\u00a0\u00bb42px\u00a0\u00bb header_2_line_height=\u00a0\u00bb1.3em\u00a0\u00bb header_3_font=\u00a0\u00bbMontserrat|700||on|||||\u00a0\u00bb header_3_font_size=\u00a0\u00bb35px\u00a0\u00bb background_size=\u00a0\u00bbinitial\u00a0\u00bb background_position=\u00a0\u00bbtop_left\u00a0\u00bb background_repeat=\u00a0\u00bbrepeat\u00a0\u00bb text_orientation=\u00a0\u00bbcenter\u00a0\u00bb max_width=\u00a0\u00bb700px\u00a0\u00bb module_alignment=\u00a0\u00bbcenter\u00a0\u00bb custom_margin=\u00a0\u00bb||16px|||\u00a0\u00bb animation_style=\u00a0\u00bbslide\u00a0\u00bb animation_direction=\u00a0\u00bbbottom\u00a0\u00bb animation_intensity_slide=\u00a0\u00bb4%\u00a0\u00bb]<\/p>\n<h3>L\u00e5t oss prata om ditt digitala projekt!<\/h3>\n<p>[\/et_pb_text][et_pb_text admin_label=\u00a0\u00bbSubtitle\u00a0\u00bb _builder_version=\u00a0\u00bb3.27.4&Prime; text_font=\u00a0\u00bbMontserrat||||\u00a0\u00bb text_text_color=\u00a0\u00bb#353740&Prime; text_font_size=\u00a0\u00bb16px\u00a0\u00bb text_line_height=\u00a0\u00bb1.8em\u00a0\u00bb header_font=\u00a0\u00bb||||||||\u00a0\u00bb background_size=\u00a0\u00bbinitial\u00a0\u00bb background_position=\u00a0\u00bbtop_left\u00a0\u00bb background_repeat=\u00a0\u00bbrepeat\u00a0\u00bb text_orientation=\u00a0\u00bbcenter\u00a0\u00bb max_width=\u00a0\u00bb700px\u00a0\u00bb module_alignment=\u00a0\u00bbcenter\u00a0\u00bb custom_margin=\u00a0\u00bb|||\u00a0\u00bb animation_style=\u00a0\u00bbslide\u00a0\u00bb animation_direction=\u00a0\u00bbbottom\u00a0\u00bb animation_delay=\u00a0\u00bb100ms\u00a0\u00bb animation_intensity_slide=\u00a0\u00bb4%\u00a0\u00bb]<\/p>\n<p>Parlez nous de votre projet web,\u00a0 nous vous r\u00e9pondrons tr\u00e8s rapidement.<\/p>\n<p>[\/et_pb_text][\/et_pb_column][\/et_pb_row][et_pb_row admin_label=\u00a0\u00bbContact Form\u00a0\u00bb _builder_version=\u00a0\u00bb3.25&Prime; custom_padding=\u00a0\u00bb0px|||||\u00a0\u00bb animation_style=\u00a0\u00bbfade\u00a0\u00bb][et_pb_column type=\u00a0\u00bb4_4&Prime; _builder_version=\u00a0\u00bb3.25&Prime; custom_padding=\u00a0\u00bb|||\u00a0\u00bb custom_padding__hover=\u00a0\u00bb|||\u00a0\u00bb][et_pb_text _builder_version=\u00a0\u00bb3.27.4&Prime;]<\/p>\n<p style=\"text-align: center;\">[kontaktformul\u00e4r-7 id=\"1213\u2033 title=\"Kontaktformul\u00e4r 1\u2033]<\/p>\n<p>[\\\/et_pb_text][\\\/et_pb_column][\\\/et_pb_row][\\\/et_pb_section]<\/p>","protected":false},"excerpt":{"rendered":"<p>Webbdesignens utveckling \u2013 1990 \u2013 2020 \u00a0 France Web-Design hj\u00e4lper f\u00f6retag och yrkesverksamma i Frankrike att utveckla sin synlighet online tack vare skapande av webbplatser och skr\u00e4ddarsydd digital kommunikation f\u00f6r sm\u00e5 och medelstora f\u00f6retag\u00bbDen nuvarande arkitekturen f\u00f6r webbdesign \u00e4r en \u00e5terspegling av webbens plats i eran [\u2026]<\/p>","protected":false},"author":1,"featured_media":1749,"comment_status":"closed","ping_status":"closed","sticky":false,"template":"","format":"standard","meta":{"_yoast_wpseo_focuskw":"","_yoast_wpseo_title":"","_yoast_wpseo_metadesc":"","_yoast_wpseo_opengraph-title":"","_yoast_wpseo_opengraph-image":"","_yoast_wpseo_twitter-title":"","_yoast_wpseo_twitter-image":"","_et_pb_use_builder":"on","_et_pb_old_content":"","_et_gb_content_width":"","footnotes":""},"categories":[70],"tags":[74,73,76,71,72,75],"class_list":["post-1931","post","type-post","status-publish","format-standard","has-post-thumbnail","hentry","category-web-design","tag-evolution-html","tag-evolution-web","tag-evolution-web-design","tag-html","tag-javascript","tag-web-annees-2000"],"yoast_head":"<!-- This site is optimized with the Yoast SEO plugin v27.5 - https:\/\/yoast.com\/product\/yoast-seo-wordpress\/ -->\n<title>L&#039;evolution du web-design - Cr\u00e9ation de sites pour PME, artisans et lib\u00e9raux<\/title>\n<meta name=\"robots\" content=\"index, follow, max-snippet:-1, max-image-preview:large, max-video-preview:-1\" \/>\n<link rel=\"canonical\" href=\"https:\/\/www.france-webdesign.com\/sv\/utveckling-av-webbdesign\" \/>\n<meta property=\"og:locale\" content=\"sv_SE\" \/>\n<meta property=\"og:type\" content=\"article\" \/>\n<meta property=\"og:title\" content=\"L&#039;evolution du web-design - Cr\u00e9ation de sites pour PME, artisans et lib\u00e9raux\" \/>\n<meta property=\"og:description\" content=\"L&#039;\u00e9volution du web-design - 1990 - 2020 &nbsp; France Web-Design aide les entreprises et professionnels de France \u00e0 d\u00e9velopper leur visibilit\u00e9 en ligne gr\u00e2ce \u00e0 cr\u00e9ation de sites internet et communication digitale sur mesure pour les petites et moyennes entreprises&quot;L\u2019architecture actuelle de la conception Web est le reflet de la place du Web \u00e0 l\u2019\u00e8re [&hellip;]\" \/>\n<meta property=\"og:url\" content=\"https:\/\/www.france-webdesign.com\/sv\/utveckling-av-webbdesign\" \/>\n<meta property=\"og:site_name\" content=\"Cr\u00e9ation de sites pour PME, artisans et lib\u00e9raux\" \/>\n<meta property=\"article:published_time\" content=\"2021-01-06T17:50:09+00:00\" \/>\n<meta property=\"article:modified_time\" content=\"2021-01-10T09:58:05+00:00\" \/>\n<meta property=\"og:image\" content=\"https:\/\/www.france-webdesign.com\/wp-content\/uploads\/2020\/09\/dpbxgth0lac-scaled.jpg\" \/>\n\t<meta property=\"og:image:width\" content=\"2560\" \/>\n\t<meta property=\"og:image:height\" content=\"1709\" \/>\n\t<meta property=\"og:image:type\" content=\"image\/jpeg\" \/>\n<meta name=\"author\" content=\"FR-Webdesign\" \/>\n<meta name=\"twitter:card\" content=\"summary_large_image\" \/>\n<meta name=\"twitter:label1\" content=\"Skriven av\" \/>\n\t<meta name=\"twitter:data1\" content=\"FR-Webdesign\" \/>\n\t<meta name=\"twitter:label2\" content=\"Ber\u00e4knad l\u00e4stid\" \/>\n\t<meta name=\"twitter:data2\" content=\"21 minuter\" \/>\n<script type=\"application\/ld+json\" class=\"yoast-schema-graph\">{\"@context\":\"https:\\\/\\\/schema.org\",\"@graph\":[{\"@type\":\"Article\",\"@id\":\"https:\\\/\\\/www.france-webdesign.com\\\/sv\\\/utveckling-av-webbdesign#article\",\"isPartOf\":{\"@id\":\"https:\\\/\\\/www.france-webdesign.com\\\/sv\\\/utveckling-av-webbdesign\"},\"author\":{\"name\":\"FR-Webdesign\",\"@id\":\"https:\\\/\\\/www.france-webdesign.com\\\/sv\\\/#\\\/schema\\\/person\\\/3311de2c5ed609b9aeb6c2bf138987d7\"},\"headline\":\"L&rsquo;evolution du web-design\",\"datePublished\":\"2021-01-06T17:50:09+00:00\",\"dateModified\":\"2021-01-10T09:58:05+00:00\",\"mainEntityOfPage\":{\"@id\":\"https:\\\/\\\/www.france-webdesign.com\\\/sv\\\/utveckling-av-webbdesign\"},\"wordCount\":4304,\"publisher\":{\"@id\":\"https:\\\/\\\/www.france-webdesign.com\\\/sv\\\/#organization\"},\"image\":{\"@id\":\"https:\\\/\\\/www.france-webdesign.com\\\/sv\\\/utveckling-av-webbdesign#primaryimage\"},\"thumbnailUrl\":\"https:\\\/\\\/www.france-webdesign.com\\\/wp-content\\\/uploads\\\/2020\\\/09\\\/dpbxgth0lac-scaled.jpg\",\"keywords\":[\"evolution html\",\"evolution web\",\"evolution web design\",\"HTML\",\"javascript\",\"web ann\u00e9es 2000\"],\"articleSection\":[\"Web-design\"],\"inLanguage\":\"sv-SE\"},{\"@type\":\"WebPage\",\"@id\":\"https:\\\/\\\/www.france-webdesign.com\\\/sv\\\/utveckling-av-webbdesign\",\"url\":\"https:\\\/\\\/www.france-webdesign.com\\\/sv\\\/utveckling-av-webbdesign\",\"name\":\"L'evolution du web-design - Cr\u00e9ation de sites pour PME, artisans et lib\u00e9raux\",\"isPartOf\":{\"@id\":\"https:\\\/\\\/www.france-webdesign.com\\\/sv\\\/#website\"},\"primaryImageOfPage\":{\"@id\":\"https:\\\/\\\/www.france-webdesign.com\\\/sv\\\/utveckling-av-webbdesign#primaryimage\"},\"image\":{\"@id\":\"https:\\\/\\\/www.france-webdesign.com\\\/sv\\\/utveckling-av-webbdesign#primaryimage\"},\"thumbnailUrl\":\"https:\\\/\\\/www.france-webdesign.com\\\/wp-content\\\/uploads\\\/2020\\\/09\\\/dpbxgth0lac-scaled.jpg\",\"datePublished\":\"2021-01-06T17:50:09+00:00\",\"dateModified\":\"2021-01-10T09:58:05+00:00\",\"breadcrumb\":{\"@id\":\"https:\\\/\\\/www.france-webdesign.com\\\/sv\\\/utveckling-av-webbdesign#breadcrumb\"},\"inLanguage\":\"sv-SE\",\"potentialAction\":[{\"@type\":\"ReadAction\",\"target\":[\"https:\\\/\\\/www.france-webdesign.com\\\/sv\\\/utveckling-av-webbdesign\"]}]},{\"@type\":\"ImageObject\",\"inLanguage\":\"sv-SE\",\"@id\":\"https:\\\/\\\/www.france-webdesign.com\\\/sv\\\/utveckling-av-webbdesign#primaryimage\",\"url\":\"https:\\\/\\\/www.france-webdesign.com\\\/wp-content\\\/uploads\\\/2020\\\/09\\\/dpbxgth0lac-scaled.jpg\",\"contentUrl\":\"https:\\\/\\\/www.france-webdesign.com\\\/wp-content\\\/uploads\\\/2020\\\/09\\\/dpbxgth0lac-scaled.jpg\",\"width\":2560,\"height\":1709,\"caption\":\"person using laptop on table\"},{\"@type\":\"BreadcrumbList\",\"@id\":\"https:\\\/\\\/www.france-webdesign.com\\\/sv\\\/utveckling-av-webbdesign#breadcrumb\",\"itemListElement\":[{\"@type\":\"ListItem\",\"position\":1,\"name\":\"Accueil\",\"item\":\"https:\\\/\\\/www.france-webdesign.com\\\/\"},{\"@type\":\"ListItem\",\"position\":2,\"name\":\"L&rsquo;evolution du web-design\"}]},{\"@type\":\"WebSite\",\"@id\":\"https:\\\/\\\/www.france-webdesign.com\\\/sv\\\/#website\",\"url\":\"https:\\\/\\\/www.france-webdesign.com\\\/sv\\\/\",\"name\":\"Cr\u00e9ation de sites pour PME, artisans et lib\u00e9raux\",\"description\":\"France Web Design\",\"publisher\":{\"@id\":\"https:\\\/\\\/www.france-webdesign.com\\\/sv\\\/#organization\"},\"potentialAction\":[{\"@type\":\"SearchAction\",\"target\":{\"@type\":\"EntryPoint\",\"urlTemplate\":\"https:\\\/\\\/www.france-webdesign.com\\\/sv\\\/?s={search_term_string}\"},\"query-input\":{\"@type\":\"PropertyValueSpecification\",\"valueRequired\":true,\"valueName\":\"search_term_string\"}}],\"inLanguage\":\"sv-SE\"},{\"@type\":\"Organization\",\"@id\":\"https:\\\/\\\/www.france-webdesign.com\\\/sv\\\/#organization\",\"name\":\"Cr\u00e9ation de sites pour entreprises et professionnels\",\"url\":\"https:\\\/\\\/www.france-webdesign.com\\\/sv\\\/\",\"logo\":{\"@type\":\"ImageObject\",\"inLanguage\":\"sv-SE\",\"@id\":\"https:\\\/\\\/www.france-webdesign.com\\\/sv\\\/#\\\/schema\\\/logo\\\/image\\\/\",\"url\":\"https:\\\/\\\/www.france-webdesign.com\\\/wp-content\\\/uploads\\\/2018\\\/12\\\/france-webdesign-logo.png\",\"contentUrl\":\"https:\\\/\\\/www.france-webdesign.com\\\/wp-content\\\/uploads\\\/2018\\\/12\\\/france-webdesign-logo.png\",\"width\":442,\"height\":127,\"caption\":\"Cr\u00e9ation de sites pour entreprises et professionnels\"},\"image\":{\"@id\":\"https:\\\/\\\/www.france-webdesign.com\\\/sv\\\/#\\\/schema\\\/logo\\\/image\\\/\"}},{\"@type\":\"Person\",\"@id\":\"https:\\\/\\\/www.france-webdesign.com\\\/sv\\\/#\\\/schema\\\/person\\\/3311de2c5ed609b9aeb6c2bf138987d7\",\"name\":\"FR-Webdesign\",\"image\":{\"@type\":\"ImageObject\",\"inLanguage\":\"sv-SE\",\"@id\":\"https:\\\/\\\/secure.gravatar.com\\\/avatar\\\/6fcc2f15419679d0130cb5d8281d232525e7e46448f5db9b20f0556bc7b61b99?s=96&d=mm&r=g\",\"url\":\"https:\\\/\\\/secure.gravatar.com\\\/avatar\\\/6fcc2f15419679d0130cb5d8281d232525e7e46448f5db9b20f0556bc7b61b99?s=96&d=mm&r=g\",\"contentUrl\":\"https:\\\/\\\/secure.gravatar.com\\\/avatar\\\/6fcc2f15419679d0130cb5d8281d232525e7e46448f5db9b20f0556bc7b61b99?s=96&d=mm&r=g\",\"caption\":\"FR-Webdesign\"}}]}<\/script>\n<!-- \/ Yoast SEO plugin. -->","yoast_head_json":{"title":"L'evolution du web-design - Cr\u00e9ation de sites pour PME, artisans et lib\u00e9raux","robots":{"index":"index","follow":"follow","max-snippet":"max-snippet:-1","max-image-preview":"max-image-preview:large","max-video-preview":"max-video-preview:-1"},"canonical":"https:\/\/www.france-webdesign.com\/sv\/utveckling-av-webbdesign","og_locale":"sv_SE","og_type":"article","og_title":"L'evolution du web-design - Cr\u00e9ation de sites pour PME, artisans et lib\u00e9raux","og_description":"L'\u00e9volution du web-design - 1990 - 2020 &nbsp; France Web-Design aide les entreprises et professionnels de France \u00e0 d\u00e9velopper leur visibilit\u00e9 en ligne gr\u00e2ce \u00e0 cr\u00e9ation de sites internet et communication digitale sur mesure pour les petites et moyennes entreprises\"L\u2019architecture actuelle de la conception Web est le reflet de la place du Web \u00e0 l\u2019\u00e8re [&hellip;]","og_url":"https:\/\/www.france-webdesign.com\/sv\/utveckling-av-webbdesign","og_site_name":"Cr\u00e9ation de sites pour PME, artisans et lib\u00e9raux","article_published_time":"2021-01-06T17:50:09+00:00","article_modified_time":"2021-01-10T09:58:05+00:00","og_image":[{"width":2560,"height":1709,"url":"https:\/\/www.france-webdesign.com\/wp-content\/uploads\/2020\/09\/dpbxgth0lac-scaled.jpg","type":"image\/jpeg"}],"author":"FR-Webdesign","twitter_card":"summary_large_image","twitter_misc":{"Skriven av":"FR-Webdesign","Ber\u00e4knad l\u00e4stid":"21 minuter"},"schema":{"@context":"https:\/\/schema.org","@graph":[{"@type":"Article","@id":"https:\/\/www.france-webdesign.com\/sv\/utveckling-av-webbdesign#article","isPartOf":{"@id":"https:\/\/www.france-webdesign.com\/sv\/utveckling-av-webbdesign"},"author":{"name":"FR-Webdesign","@id":"https:\/\/www.france-webdesign.com\/sv\/#\/schema\/person\/3311de2c5ed609b9aeb6c2bf138987d7"},"headline":"L&rsquo;evolution du web-design","datePublished":"2021-01-06T17:50:09+00:00","dateModified":"2021-01-10T09:58:05+00:00","mainEntityOfPage":{"@id":"https:\/\/www.france-webdesign.com\/sv\/utveckling-av-webbdesign"},"wordCount":4304,"publisher":{"@id":"https:\/\/www.france-webdesign.com\/sv\/#organization"},"image":{"@id":"https:\/\/www.france-webdesign.com\/sv\/utveckling-av-webbdesign#primaryimage"},"thumbnailUrl":"https:\/\/www.france-webdesign.com\/wp-content\/uploads\/2020\/09\/dpbxgth0lac-scaled.jpg","keywords":["evolution html","evolution web","evolution web design","HTML","javascript","web ann\u00e9es 2000"],"articleSection":["Web-design"],"inLanguage":"sv-SE"},{"@type":"WebPage","@id":"https:\/\/www.france-webdesign.com\/sv\/utveckling-av-webbdesign","url":"https:\/\/www.france-webdesign.com\/sv\/utveckling-av-webbdesign","name":"L'evolution du web-design - Cr\u00e9ation de sites pour PME, artisans et lib\u00e9raux","isPartOf":{"@id":"https:\/\/www.france-webdesign.com\/sv\/#website"},"primaryImageOfPage":{"@id":"https:\/\/www.france-webdesign.com\/sv\/utveckling-av-webbdesign#primaryimage"},"image":{"@id":"https:\/\/www.france-webdesign.com\/sv\/utveckling-av-webbdesign#primaryimage"},"thumbnailUrl":"https:\/\/www.france-webdesign.com\/wp-content\/uploads\/2020\/09\/dpbxgth0lac-scaled.jpg","datePublished":"2021-01-06T17:50:09+00:00","dateModified":"2021-01-10T09:58:05+00:00","breadcrumb":{"@id":"https:\/\/www.france-webdesign.com\/sv\/utveckling-av-webbdesign#breadcrumb"},"inLanguage":"sv-SE","potentialAction":[{"@type":"ReadAction","target":["https:\/\/www.france-webdesign.com\/sv\/utveckling-av-webbdesign"]}]},{"@type":"ImageObject","inLanguage":"sv-SE","@id":"https:\/\/www.france-webdesign.com\/sv\/utveckling-av-webbdesign#primaryimage","url":"https:\/\/www.france-webdesign.com\/wp-content\/uploads\/2020\/09\/dpbxgth0lac-scaled.jpg","contentUrl":"https:\/\/www.france-webdesign.com\/wp-content\/uploads\/2020\/09\/dpbxgth0lac-scaled.jpg","width":2560,"height":1709,"caption":"person using laptop on table"},{"@type":"BreadcrumbList","@id":"https:\/\/www.france-webdesign.com\/sv\/utveckling-av-webbdesign#breadcrumb","itemListElement":[{"@type":"ListItem","position":1,"name":"Accueil","item":"https:\/\/www.france-webdesign.com\/"},{"@type":"ListItem","position":2,"name":"L&rsquo;evolution du web-design"}]},{"@type":"WebSite","@id":"https:\/\/www.france-webdesign.com\/sv\/#website","url":"https:\/\/www.france-webdesign.com\/sv\/","name":"Cr\u00e9ation de sites pour PME, artisans et lib\u00e9raux","description":"France Web Design","publisher":{"@id":"https:\/\/www.france-webdesign.com\/sv\/#organization"},"potentialAction":[{"@type":"SearchAction","target":{"@type":"EntryPoint","urlTemplate":"https:\/\/www.france-webdesign.com\/sv\/?s={search_term_string}"},"query-input":{"@type":"PropertyValueSpecification","valueRequired":true,"valueName":"search_term_string"}}],"inLanguage":"sv-SE"},{"@type":"Organization","@id":"https:\/\/www.france-webdesign.com\/sv\/#organization","name":"Cr\u00e9ation de sites pour entreprises et professionnels","url":"https:\/\/www.france-webdesign.com\/sv\/","logo":{"@type":"ImageObject","inLanguage":"sv-SE","@id":"https:\/\/www.france-webdesign.com\/sv\/#\/schema\/logo\/image\/","url":"https:\/\/www.france-webdesign.com\/wp-content\/uploads\/2018\/12\/france-webdesign-logo.png","contentUrl":"https:\/\/www.france-webdesign.com\/wp-content\/uploads\/2018\/12\/france-webdesign-logo.png","width":442,"height":127,"caption":"Cr\u00e9ation de sites pour entreprises et professionnels"},"image":{"@id":"https:\/\/www.france-webdesign.com\/sv\/#\/schema\/logo\/image\/"}},{"@type":"Person","@id":"https:\/\/www.france-webdesign.com\/sv\/#\/schema\/person\/3311de2c5ed609b9aeb6c2bf138987d7","name":"FR-Webdesign","image":{"@type":"ImageObject","inLanguage":"sv-SE","@id":"https:\/\/secure.gravatar.com\/avatar\/6fcc2f15419679d0130cb5d8281d232525e7e46448f5db9b20f0556bc7b61b99?s=96&d=mm&r=g","url":"https:\/\/secure.gravatar.com\/avatar\/6fcc2f15419679d0130cb5d8281d232525e7e46448f5db9b20f0556bc7b61b99?s=96&d=mm&r=g","contentUrl":"https:\/\/secure.gravatar.com\/avatar\/6fcc2f15419679d0130cb5d8281d232525e7e46448f5db9b20f0556bc7b61b99?s=96&d=mm&r=g","caption":"FR-Webdesign"}}]}},"_links":{"self":[{"href":"https:\/\/www.france-webdesign.com\/sv\/wp-json\/wp\/v2\/posts\/1931","targetHints":{"allow":["GET"]}}],"collection":[{"href":"https:\/\/www.france-webdesign.com\/sv\/wp-json\/wp\/v2\/posts"}],"about":[{"href":"https:\/\/www.france-webdesign.com\/sv\/wp-json\/wp\/v2\/types\/post"}],"author":[{"embeddable":true,"href":"https:\/\/www.france-webdesign.com\/sv\/wp-json\/wp\/v2\/users\/1"}],"replies":[{"embeddable":true,"href":"https:\/\/www.france-webdesign.com\/sv\/wp-json\/wp\/v2\/comments?post=1931"}],"version-history":[{"count":0,"href":"https:\/\/www.france-webdesign.com\/sv\/wp-json\/wp\/v2\/posts\/1931\/revisions"}],"wp:featuredmedia":[{"embeddable":true,"href":"https:\/\/www.france-webdesign.com\/sv\/wp-json\/wp\/v2\/media\/1749"}],"wp:attachment":[{"href":"https:\/\/www.france-webdesign.com\/sv\/wp-json\/wp\/v2\/media?parent=1931"}],"wp:term":[{"taxonomy":"category","embeddable":true,"href":"https:\/\/www.france-webdesign.com\/sv\/wp-json\/wp\/v2\/categories?post=1931"},{"taxonomy":"post_tag","embeddable":true,"href":"https:\/\/www.france-webdesign.com\/sv\/wp-json\/wp\/v2\/tags?post=1931"}],"curies":[{"name":"wp","href":"https:\/\/api.w.org\/{rel}","templated":true}]}}